{"id":121798,"date":"2025-08-07T17:46:10","date_gmt":"2025-08-07T20:46:10","guid":{"rendered":"https:\/\/blogdoedvaldomagalhaes.com.br\/?p=121798"},"modified":"2025-08-07T17:46:10","modified_gmt":"2025-08-07T20:46:10","slug":"anderson-correia-solicita-acoes-de-requalificacao-de-ruas-e-seguranca-para-bairros-de-caruaru","status":"publish","type":"post","link":"https:\/\/blogdoedvaldomagalhaes.com.br\/index.php\/2025\/08\/07\/anderson-correia-solicita-acoes-de-requalificacao-de-ruas-e-seguranca-para-bairros-de-caruaru\/","title":{"rendered":"Anderson Correia solicita a\u00e7\u00f5es de requalifica\u00e7\u00e3o de ruas e seguran\u00e7a para bairros de Caruaru"},"content":{"rendered":"<p>Atento \u00e0s demandas da popula\u00e7\u00e3o, o vereador e pr\u00e9-candidato a deputado estadual Anderson Correia (PP) encaminhou \u00e0 Prefeitura de Caruaru e ao Governo do Estado de Pernambuco uma s\u00e9rie de solicita\u00e7\u00f5es voltadas para melhorias na infraestrutura e na seguran\u00e7a p\u00fablica dos bairros da cidade. As reivindica\u00e7\u00f5es foram feitas por meio de of\u00edcios, requerimentos e indica\u00e7\u00f5es formais, ap\u00f3s o parlamentar receber diversos apelos da comunidade em seu gabinete.<\/p>\n<p>Na \u00e1rea de infraestrutura, Anderson solicitou a\u00e7\u00f5es emergenciais de requalifica\u00e7\u00e3o em ruas com pavimenta\u00e7\u00e3o comprometida, especialmente nos bairros Luiz Gonzaga e Nova Caruaru. Nessas localidades, os moradores enfrentam dificuldades devido ao cal\u00e7amento danificado, asfalto deteriorado e buracos nas vias, o que tem causado transtornos a motoristas, pedestres e comprometido a mobilidade urbana.<\/p>\n<p>J\u00e1 no campo da seguran\u00e7a p\u00fablica, o vereador protocolou uma Indica\u00e7\u00e3o e encaminhou of\u00edcio \u00e0 Secretaria de Defesa Social de Pernambuco (SDS-PE), solicitando a implanta\u00e7\u00e3o de uma Companhia da Pol\u00edcia Militar no bairro Xique-Xique, como medida preventiva para conter a criminalidade e oferecer mais prote\u00e7\u00e3o aos moradores. Al\u00e9m disso, Anderson requereu o refor\u00e7o no policiamento com rondas ostensivas da PM em diversos bairros da cidade, como Kennedy, Cidade Jardim, Divin\u00f3polis, Nina Liberato, Luar do Jurity, Residencial Neusa Garcia, entre outros.<\/p>\n<p>&#8220;Diariamente chegam v\u00e1rias demandas da popula\u00e7\u00e3o ao nosso gabinete e prontamente nos mobilizamos para atender e buscar solu\u00e7\u00f5es junto ao Poder P\u00fablico. As pautas de infraestrutura e seguran\u00e7a t\u00eam se intensificado e estamos solicitando as solu\u00e7\u00f5es necess\u00e1rias junto \u00e0 Prefeitura e ao Governo do Estado para dar dignidade aos caruaruenses, com ruas em excelentes condi\u00e7\u00f5es de mobilidade e bairros seguros, longe da viol\u00eancia e da criminalidade&#8221;, afirmou o vereador.<br \/>\nSiga o Instagram do Blog pelo @blogdoedvaldomagalhaes<br \/>\nFoto: Divulga\u00e7\u00e3o <\/p>\n","protected":false},"excerpt":{"rendered":"<p>Atento \u00e0s demandas da popula\u00e7\u00e3o, o vereador e pr\u00e9-candidato a deputado estadual Anderson Correia (PP) encaminhou \u00e0 Prefeitura de Caruaru&hellip;<\/p>\n","protected":false},"author":1,"featured_media":121799,"comment_status":"closed","ping_status":"open","sticky":false,"template":"","format":"standard","meta":{"footnotes":""},"categories":[14122],"tags":[34348,30592,27410,2,28801,20],"class_list":["post-121798","post","type-post","status-publish","format-standard","has-post-thumbnail","hentry","category-politica","tag-anderson-correia-solicita-acoes-de-requalificacao-de-ruas-e-seguranca-para-bairros-de-caruaru","tag-blog-com-mais-seguidores","tag-blog-de-caruaru","tag-blog-do-edvaldo-magalhaes","tag-blog-mais-acessado","tag-politica"],"_links":{"self":[{"href":"https:\/\/blogdoedvaldomagalhaes.com.br\/index.php\/wp-json\/wp\/v2\/posts\/121798","targetHints":{"allow":["GET"]}}],"collection":[{"href":"https:\/\/blogdoedvaldomagalhaes.com.br\/index.php\/wp-json\/wp\/v2\/posts"}],"about":[{"href":"https:\/\/blogdoedvaldomagalhaes.com.br\/index.php\/wp-json\/wp\/v2\/types\/post"}],"author":[{"embeddable":true,"href":"https:\/\/blogdoedvaldomagalhaes.com.br\/index.php\/wp-json\/wp\/v2\/users\/1"}],"replies":[{"embeddable":true,"href":"https:\/\/blogdoedvaldomagalhaes.com.br\/index.php\/wp-json\/wp\/v2\/comments?post=121798"}],"version-history":[{"count":1,"href":"https:\/\/blogdoedvaldomagalhaes.com.br\/index.php\/wp-json\/wp\/v2\/posts\/121798\/revisions"}],"predecessor-version":[{"id":121800,"href":"https:\/\/blogdoedvaldomagalhaes.com.br\/index.php\/wp-json\/wp\/v2\/posts\/121798\/revisions\/121800"}],"wp:featuredmedia":[{"embeddable":true,"href":"https:\/\/blogdoedvaldomagalhaes.com.br\/index.php\/wp-json\/wp\/v2\/media\/121799"}],"wp:attachment":[{"href":"https:\/\/blogdoedvaldomagalhaes.com.br\/index.php\/wp-json\/wp\/v2\/media?parent=121798"}],"wp:term":[{"taxonomy":"category","embeddable":true,"href":"https:\/\/blogdoedvaldomagalhaes.com.br\/index.php\/wp-json\/wp\/v2\/categories?post=121798"},{"taxonomy":"post_tag","embeddable":true,"href":"https:\/\/blogdoedvaldomagalhaes.com.br\/index.php\/wp-json\/wp\/v2\/tags?post=121798"}],"curies":[{"name":"wp","href":"https:\/\/api.w.org\/{rel}","templated":true}]}}