{"id":121795,"date":"2025-08-07T17:42:05","date_gmt":"2025-08-07T20:42:05","guid":{"rendered":"https:\/\/blogdoedvaldomagalhaes.com.br\/?p=121795"},"modified":"2025-08-07T17:42:05","modified_gmt":"2025-08-07T20:42:05","slug":"prefeitura-de-caruaru-amplia-prazo-de-transicao-dos-ambulantes-aos-novos-espacos-no-parque-18-de-maio","status":"publish","type":"post","link":"https:\/\/blogdoedvaldomagalhaes.com.br\/index.php\/2025\/08\/07\/prefeitura-de-caruaru-amplia-prazo-de-transicao-dos-ambulantes-aos-novos-espacos-no-parque-18-de-maio\/","title":{"rendered":"Prefeitura de Caruaru amplia prazo de transi\u00e7\u00e3o dos ambulantes aos novos espa\u00e7os no Parque 18 de Maio"},"content":{"rendered":"<p>Dando continuidade ao processo de reorganiza\u00e7\u00e3o do Parque 18 de Maio, a Prefeitura de Caruaru, por meio da Secretaria Executiva do Parque 18 de Maio, recebeu, nesta quarta-feira (6), uma comiss\u00e3o com representantes dos ambulantes da Avenida Lourival Jos\u00e9 da Silva. Na ocasi\u00e3o, foram solicitadas adequa\u00e7\u00f5es nos novos espa\u00e7os destinados para a comercializa\u00e7\u00e3o da categoria.<\/p>\n<p>O prazo acordado para conclus\u00e3o das adequa\u00e7\u00f5es \u00e9 de 15 dias. O per\u00edodo compreende as pr\u00f3ximas duas quintas-feiras (07 e 14 de agosto), dias da Feira da Moda de Caruaru. Apenas nestes dias, os ambulantes estar\u00e3o autorizados a permanecer nos locais anteriormente ocupados.<\/p>\n<p>Ainda nesta fase de transi\u00e7\u00e3o, os ambulantes se comprometeram a realizar o cadastro junto \u00e0 Secretaria Executiva do Parque 18 de Maio e j\u00e1 come\u00e7aram a escolher os novos locais de comercializa\u00e7\u00e3o. Lembrando que o objetivo da realoca\u00e7\u00e3o \u00e9 melhorar a organiza\u00e7\u00e3o, seguran\u00e7a, acessibilidade e mobilidade para todos que frequentam a feira.<\/p>\n<p>A Prefeitura de Caruaru segue empenhada em promover melhorias estruturais e de ordenamento no Parque 18 de Maio, valorizando a tradi\u00e7\u00e3o da Feira de Caruaru e assegurando melhores condi\u00e7\u00f5es de trabalho para os feirantes e ambulantes.<br \/>\nSeja seguidor do Instagram do Blog pelo @blogdoedvaldomagalhaes<br \/>\nFoto: Jorge Farias\/Secom\/PMC<\/p>\n","protected":false},"excerpt":{"rendered":"<p>Dando continuidade ao processo de reorganiza\u00e7\u00e3o do Parque 18 de Maio, a Prefeitura de Caruaru, por meio da Secretaria Executiva&hellip;<\/p>\n","protected":false},"author":1,"featured_media":121796,"comment_status":"closed","ping_status":"open","sticky":false,"template":"","format":"standard","meta":{"footnotes":""},"categories":[14120],"tags":[30592,27410,2,28801,34347],"class_list":["post-121795","post","type-post","status-publish","format-standard","has-post-thumbnail","hentry","category-noticias","tag-blog-com-mais-seguidores","tag-blog-de-caruaru","tag-blog-do-edvaldo-magalhaes","tag-blog-mais-acessado","tag-prefeitura-de-caruaru-amplia-prazo-de-transicao-dos-ambulantes-aos-novos-espacos-no-parque-18-de-maio"],"_links":{"self":[{"href":"https:\/\/blogdoedvaldomagalhaes.com.br\/index.php\/wp-json\/wp\/v2\/posts\/121795","targetHints":{"allow":["GET"]}}],"collection":[{"href":"https:\/\/blogdoedvaldomagalhaes.com.br\/index.php\/wp-json\/wp\/v2\/posts"}],"about":[{"href":"https:\/\/blogdoedvaldomagalhaes.com.br\/index.php\/wp-json\/wp\/v2\/types\/post"}],"author":[{"embeddable":true,"href":"https:\/\/blogdoedvaldomagalhaes.com.br\/index.php\/wp-json\/wp\/v2\/users\/1"}],"replies":[{"embeddable":true,"href":"https:\/\/blogdoedvaldomagalhaes.com.br\/index.php\/wp-json\/wp\/v2\/comments?post=121795"}],"version-history":[{"count":1,"href":"https:\/\/blogdoedvaldomagalhaes.com.br\/index.php\/wp-json\/wp\/v2\/posts\/121795\/revisions"}],"predecessor-version":[{"id":121797,"href":"https:\/\/blogdoedvaldomagalhaes.com.br\/index.php\/wp-json\/wp\/v2\/posts\/121795\/revisions\/121797"}],"wp:featuredmedia":[{"embeddable":true,"href":"https:\/\/blogdoedvaldomagalhaes.com.br\/index.php\/wp-json\/wp\/v2\/media\/121796"}],"wp:attachment":[{"href":"https:\/\/blogdoedvaldomagalhaes.com.br\/index.php\/wp-json\/wp\/v2\/media?parent=121795"}],"wp:term":[{"taxonomy":"category","embeddable":true,"href":"https:\/\/blogdoedvaldomagalhaes.com.br\/index.php\/wp-json\/wp\/v2\/categories?post=121795"},{"taxonomy":"post_tag","embeddable":true,"href":"https:\/\/blogdoedvaldomagalhaes.com.br\/index.php\/wp-json\/wp\/v2\/tags?post=121795"}],"curies":[{"name":"wp","href":"https:\/\/api.w.org\/{rel}","templated":true}]}}