{"id":121789,"date":"2025-08-07T17:29:42","date_gmt":"2025-08-07T20:29:42","guid":{"rendered":"https:\/\/blogdoedvaldomagalhaes.com.br\/?p=121789"},"modified":"2025-08-07T17:29:42","modified_gmt":"2025-08-07T20:29:42","slug":"obras-do-complexo-de-saude-do-vassoural-avancam-em-ritmo-acelerado","status":"publish","type":"post","link":"https:\/\/blogdoedvaldomagalhaes.com.br\/index.php\/2025\/08\/07\/obras-do-complexo-de-saude-do-vassoural-avancam-em-ritmo-acelerado\/","title":{"rendered":"Obras do Complexo de Sa\u00fade do Vassoural avan\u00e7am em ritmo acelerado"},"content":{"rendered":"<p>As obras do Complexo de Sa\u00fade do Vassoural est\u00e3o avan\u00e7ando em ritmo acelerado. Diferentes trabalhos est\u00e3o sendo executados no espa\u00e7o, localizado na Rua Luiz Gonzaga, no tradicional bairro caruaruense. Demonstra\u00e7\u00e3o do compromisso da Prefeitura de Caruaru em entregar o novo equipamento para a popula\u00e7\u00e3o o quanto antes. <\/p>\n<p>Esta semana, est\u00e3o sendo executados os servi\u00e7os de demoli\u00e7\u00e3o da alvenaria antiga; remo\u00e7\u00e3o de revestimentos cer\u00e2micos antigos; revis\u00e3o da coberta; retirada do forro; e limpeza geral da obra, com remo\u00e7\u00e3o de entulho e execu\u00e7\u00e3o de trabalhos de escava\u00e7\u00e3o necess\u00e1rios para a constru\u00e7\u00e3o de novas \u00e1reas que passar\u00e3o a fazer parte do Complexo.<\/p>\n<p>As atividades est\u00e3o sendo acompanhadas de perto pela Secretaria de Infraestrutura Urbana e Obras (Siurb), com o objetivo de garantir que a execu\u00e7\u00e3o atenda o cronograma estabelecido. \u00c9 isso que aponta o secret\u00e1rio de Infraestrutura Urbana e Obras, Andrews Melo, ao analisar o andamento dos trabalhos que est\u00e3o sendo desenvolvidos atualmente. <\/p>\n<p>\u201cA poucos dias da retomada dessa obra, j\u00e1 conseguimos ver um avan\u00e7o significativo na evolu\u00e7\u00e3o dos servi\u00e7os. Seguiremos acompanhando dia a dia a transforma\u00e7\u00e3o de mais um espa\u00e7o de sa\u00fade que ser\u00e1 entregue com qualidade\u201d, destaca o secret\u00e1rio.<br \/>\nSeja seguidor do Instagram do Blog pelo @blogdoedvaldomagalhaes<br \/>\nFoto: Rafael Moreira\/Secom\/PMC<\/p>\n","protected":false},"excerpt":{"rendered":"<p>As obras do Complexo de Sa\u00fade do Vassoural est\u00e3o avan\u00e7ando em ritmo acelerado. Diferentes trabalhos est\u00e3o sendo executados no espa\u00e7o,&hellip;<\/p>\n","protected":false},"author":1,"featured_media":121790,"comment_status":"closed","ping_status":"open","sticky":false,"template":"","format":"standard","meta":{"footnotes":""},"categories":[14120],"tags":[28803,27410,2,28801,34345],"class_list":["post-121789","post","type-post","status-publish","format-standard","has-post-thumbnail","hentry","category-noticias","tag-blog-com-mais-visualizacoes","tag-blog-de-caruaru","tag-blog-do-edvaldo-magalhaes","tag-blog-mais-acessado","tag-obras-do-complexo-de-saude-do-vassoural-avancam-em-ritmo-acelerado"],"_links":{"self":[{"href":"https:\/\/blogdoedvaldomagalhaes.com.br\/index.php\/wp-json\/wp\/v2\/posts\/121789","targetHints":{"allow":["GET"]}}],"collection":[{"href":"https:\/\/blogdoedvaldomagalhaes.com.br\/index.php\/wp-json\/wp\/v2\/posts"}],"about":[{"href":"https:\/\/blogdoedvaldomagalhaes.com.br\/index.php\/wp-json\/wp\/v2\/types\/post"}],"author":[{"embeddable":true,"href":"https:\/\/blogdoedvaldomagalhaes.com.br\/index.php\/wp-json\/wp\/v2\/users\/1"}],"replies":[{"embeddable":true,"href":"https:\/\/blogdoedvaldomagalhaes.com.br\/index.php\/wp-json\/wp\/v2\/comments?post=121789"}],"version-history":[{"count":1,"href":"https:\/\/blogdoedvaldomagalhaes.com.br\/index.php\/wp-json\/wp\/v2\/posts\/121789\/revisions"}],"predecessor-version":[{"id":121791,"href":"https:\/\/blogdoedvaldomagalhaes.com.br\/index.php\/wp-json\/wp\/v2\/posts\/121789\/revisions\/121791"}],"wp:featuredmedia":[{"embeddable":true,"href":"https:\/\/blogdoedvaldomagalhaes.com.br\/index.php\/wp-json\/wp\/v2\/media\/121790"}],"wp:attachment":[{"href":"https:\/\/blogdoedvaldomagalhaes.com.br\/index.php\/wp-json\/wp\/v2\/media?parent=121789"}],"wp:term":[{"taxonomy":"category","embeddable":true,"href":"https:\/\/blogdoedvaldomagalhaes.com.br\/index.php\/wp-json\/wp\/v2\/categories?post=121789"},{"taxonomy":"post_tag","embeddable":true,"href":"https:\/\/blogdoedvaldomagalhaes.com.br\/index.php\/wp-json\/wp\/v2\/tags?post=121789"}],"curies":[{"name":"wp","href":"https:\/\/api.w.org\/{rel}","templated":true}]}}