{"id":121721,"date":"2025-08-04T09:05:14","date_gmt":"2025-08-04T12:05:14","guid":{"rendered":"https:\/\/blogdoedvaldomagalhaes.com.br\/?p=121721"},"modified":"2025-08-04T09:05:14","modified_gmt":"2025-08-04T12:05:14","slug":"calcada-da-avenida-lourival-jose-da-silva-fica-livre-para-circulacao-de-pedestre-e-compradores-na-feira-da-moda-de-caruaru","status":"publish","type":"post","link":"https:\/\/blogdoedvaldomagalhaes.com.br\/index.php\/2025\/08\/04\/calcada-da-avenida-lourival-jose-da-silva-fica-livre-para-circulacao-de-pedestre-e-compradores-na-feira-da-moda-de-caruaru\/","title":{"rendered":"Cal\u00e7ada da Avenida Lourival Jos\u00e9 da Silva fica livre para circula\u00e7\u00e3o de pedestre e compradores na Feira da Moda de Caruaru"},"content":{"rendered":"<p>Dando continuidade ao conjunto de melhorias implantadas no entorno da Feira da Moda de Caruaru, a Secretaria Executiva do Parque 18 de Maio realiza, a partir desta semana, a realoca\u00e7\u00e3o dos ambulantes que atuavam na Avenida Lourival Jos\u00e9 da Silva para a \u00e1rea localizada por tr\u00e1s do Polo Gastron\u00f4mico e a \u00e1rea livre ao lado da Feira do Artesanato.<\/p>\n<p>A a\u00e7\u00e3o foi planejada com anteced\u00eancia e os ambulantes envolvidos foram devidamente notificados nas semanas anteriores, conforme prev\u00ea o processo de ordenamento do espa\u00e7o p\u00fablico. Inclusive, no \u00faltimo s\u00e1bado (2), alguns ambulantes se anteciparam e j\u00e1 come\u00e7aram a comercializar nas novas \u00e1reas.<\/p>\n<p>As novas localidades foram devidamente preparadas para receber os ambulantes com seguran\u00e7a e visibilidade, garantindo a continuidade das atividades sem preju\u00edzos para a categoria, permitindo tamb\u00e9m  a circula\u00e7\u00e3o dos frequentadores da feira e o tr\u00e1fego dos ve\u00edculos.<\/p>\n<p>\u201cA medida atende a um pedido dos feirantes, que reivindicavam melhorias no local, assim como j\u00e1 aconteceu com a realoca\u00e7\u00e3o dos ambulantes que antes ficavam nas ruas Miguel de Sena e Rui Limeira Rosal. A mudan\u00e7a na Avenida Lourival Jos\u00e9 da Silva tem como principal objetivo a desobstru\u00e7\u00e3o da via, que agora conta com estacionamento rotativo, contribuindo para a mobilidade e a organiza\u00e7\u00e3o do fluxo de pessoas e ve\u00edculos\u201d, destacou o secret\u00e1rio Executivo do Parque 18 de Maio, Manoel J\u00fanior.<br \/>\nSeja seguidor do Instagram do Blog pelo @blogdoedvaldomagalhaes<br \/>\nFoto: Divulga\u00e7\u00e3o\/Secom\/PMC<\/p>\n","protected":false},"excerpt":{"rendered":"<p>Dando continuidade ao conjunto de melhorias implantadas no entorno da Feira da Moda de Caruaru, a Secretaria Executiva do Parque&hellip;<\/p>\n","protected":false},"author":1,"featured_media":121722,"comment_status":"closed","ping_status":"open","sticky":false,"template":"","format":"standard","meta":{"footnotes":""},"categories":[14120],"tags":[30592,27410,2,28801,34328],"class_list":["post-121721","post","type-post","status-publish","format-standard","has-post-thumbnail","hentry","category-noticias","tag-blog-com-mais-seguidores","tag-blog-de-caruaru","tag-blog-do-edvaldo-magalhaes","tag-blog-mais-acessado","tag-calcada-da-avenida-lourival-jose-da-silva-fica-livre-para-circulacao-de-pedestre-e-compradores-na-feira-da-moda-de-caruaru"],"_links":{"self":[{"href":"https:\/\/blogdoedvaldomagalhaes.com.br\/index.php\/wp-json\/wp\/v2\/posts\/121721","targetHints":{"allow":["GET"]}}],"collection":[{"href":"https:\/\/blogdoedvaldomagalhaes.com.br\/index.php\/wp-json\/wp\/v2\/posts"}],"about":[{"href":"https:\/\/blogdoedvaldomagalhaes.com.br\/index.php\/wp-json\/wp\/v2\/types\/post"}],"author":[{"embeddable":true,"href":"https:\/\/blogdoedvaldomagalhaes.com.br\/index.php\/wp-json\/wp\/v2\/users\/1"}],"replies":[{"embeddable":true,"href":"https:\/\/blogdoedvaldomagalhaes.com.br\/index.php\/wp-json\/wp\/v2\/comments?post=121721"}],"version-history":[{"count":1,"href":"https:\/\/blogdoedvaldomagalhaes.com.br\/index.php\/wp-json\/wp\/v2\/posts\/121721\/revisions"}],"predecessor-version":[{"id":121723,"href":"https:\/\/blogdoedvaldomagalhaes.com.br\/index.php\/wp-json\/wp\/v2\/posts\/121721\/revisions\/121723"}],"wp:featuredmedia":[{"embeddable":true,"href":"https:\/\/blogdoedvaldomagalhaes.com.br\/index.php\/wp-json\/wp\/v2\/media\/121722"}],"wp:attachment":[{"href":"https:\/\/blogdoedvaldomagalhaes.com.br\/index.php\/wp-json\/wp\/v2\/media?parent=121721"}],"wp:term":[{"taxonomy":"category","embeddable":true,"href":"https:\/\/blogdoedvaldomagalhaes.com.br\/index.php\/wp-json\/wp\/v2\/categories?post=121721"},{"taxonomy":"post_tag","embeddable":true,"href":"https:\/\/blogdoedvaldomagalhaes.com.br\/index.php\/wp-json\/wp\/v2\/tags?post=121721"}],"curies":[{"name":"wp","href":"https:\/\/api.w.org\/{rel}","templated":true}]}}