{"id":121713,"date":"2025-08-03T12:11:58","date_gmt":"2025-08-03T15:11:58","guid":{"rendered":"https:\/\/blogdoedvaldomagalhaes.com.br\/?p=121713"},"modified":"2025-08-03T12:11:58","modified_gmt":"2025-08-03T15:11:58","slug":"pm-recupera-moto-roubada-com-ajuda-de-rastreador","status":"publish","type":"post","link":"https:\/\/blogdoedvaldomagalhaes.com.br\/index.php\/2025\/08\/03\/pm-recupera-moto-roubada-com-ajuda-de-rastreador\/","title":{"rendered":"PM recupera moto roubada com ajuda de rastreador"},"content":{"rendered":"<p><span style=\"font-size: revert;\">Nesse s\u00e1bado (02.08), por volta das 12h45, o efetivo da GT 15311 efetuava rondas e abordagens com a RC15300 quando receberam informa\u00e7\u00f5es que teria uma motocicleta sendo rastreada na estrada de Japecanga. De pronto ambas as equipes foram ao local e foi constatado uma motocicleta HONDA CG 125, de cor preta\/ Placa: KLP3E18 abandonada no local do rastreamento e sem a chave na igni\u00e7\u00e3o. Ao consultar a placa da motocicleta atrav\u00e9s do sistema policia \u00e1gil, a mesma se encontrava com de restri\u00e7\u00e3o roubo\/furto. A motocicleta foi encaminhada para DP de plant\u00e3o para tomada das medidas cab\u00edveis. Foto: Divulga\u00e7\u00e3o\/PMPE<br \/>\nSiga o Instagram do Blog pelo @blogdoedvaldomagalhaes<\/span><\/p>\n","protected":false},"excerpt":{"rendered":"<p>Nesse s\u00e1bado (02.08), por volta das 12h45, o efetivo da GT 15311 efetuava rondas e abordagens com a RC15300 quando&hellip;<\/p>\n","protected":false},"author":1,"featured_media":0,"comment_status":"closed","ping_status":"open","sticky":false,"template":"","format":"standard","meta":{"footnotes":""},"categories":[1],"tags":[],"class_list":["post-121713","post","type-post","status-publish","format-standard","hentry","category-sem-categoria"],"_links":{"self":[{"href":"https:\/\/blogdoedvaldomagalhaes.com.br\/index.php\/wp-json\/wp\/v2\/posts\/121713","targetHints":{"allow":["GET"]}}],"collection":[{"href":"https:\/\/blogdoedvaldomagalhaes.com.br\/index.php\/wp-json\/wp\/v2\/posts"}],"about":[{"href":"https:\/\/blogdoedvaldomagalhaes.com.br\/index.php\/wp-json\/wp\/v2\/types\/post"}],"author":[{"embeddable":true,"href":"https:\/\/blogdoedvaldomagalhaes.com.br\/index.php\/wp-json\/wp\/v2\/users\/1"}],"replies":[{"embeddable":true,"href":"https:\/\/blogdoedvaldomagalhaes.com.br\/index.php\/wp-json\/wp\/v2\/comments?post=121713"}],"version-history":[{"count":1,"href":"https:\/\/blogdoedvaldomagalhaes.com.br\/index.php\/wp-json\/wp\/v2\/posts\/121713\/revisions"}],"predecessor-version":[{"id":121714,"href":"https:\/\/blogdoedvaldomagalhaes.com.br\/index.php\/wp-json\/wp\/v2\/posts\/121713\/revisions\/121714"}],"wp:attachment":[{"href":"https:\/\/blogdoedvaldomagalhaes.com.br\/index.php\/wp-json\/wp\/v2\/media?parent=121713"}],"wp:term":[{"taxonomy":"category","embeddable":true,"href":"https:\/\/blogdoedvaldomagalhaes.com.br\/index.php\/wp-json\/wp\/v2\/categories?post=121713"},{"taxonomy":"post_tag","embeddable":true,"href":"https:\/\/blogdoedvaldomagalhaes.com.br\/index.php\/wp-json\/wp\/v2\/tags?post=121713"}],"curies":[{"name":"wp","href":"https:\/\/api.w.org\/{rel}","templated":true}]}}