{"id":1217,"date":"2018-09-25T19:28:00","date_gmt":"2018-09-25T22:28:00","guid":{"rendered":"http:\/\/blogdoedvaldomagalhaes.com.br\/index.php\/2018\/09\/25\/cdl-caruaru-oferece-plano-de-saude-para\/"},"modified":"2019-02-09T02:32:23","modified_gmt":"2019-02-09T04:32:23","slug":"cdl-caruaru-oferece-plano-de-saude-para","status":"publish","type":"post","link":"https:\/\/blogdoedvaldomagalhaes.com.br\/index.php\/2018\/09\/25\/cdl-caruaru-oferece-plano-de-saude-para\/","title":{"rendered":"CDL Caruaru oferece plano de sa\u00fade para associados"},"content":{"rendered":"<div class=\"separator\" style=\"clear: both; text-align: center;\">\n<a href=\"https:\/\/2.bp.blogspot.com\/-A6Gs36k35bI\/W6qMQYev0bI\/AAAAAAAA6oc\/PF0Jj4KxKpQwKWrh5VkjfuLo3l8Ex29MACLcBGAs\/s1600\/planop.jpg\" imageanchor=\"1\" style=\"margin-left: 1em; margin-right: 1em;\"><img loading=\"lazy\" decoding=\"async\" border=\"0\" data-original-height=\"768\" data-original-width=\"1024\" height=\"474\" src=\"http:\/\/blogdoedvaldomagalhaes.com.br\/wp-content\/uploads\/2018\/09\/planop.jpg\" width=\"640\" \/><\/a><\/div>\n<p><\/p>\n<div style=\"background-color: white; border: 0px; margin-bottom: 1.5em; outline: 0px; padding: 0px; text-align: justify; vertical-align: baseline;\">\nA CDL Caruaru apresentou na tarde desta ter\u00e7a-feira (25) uma parceria com a Amil, empresa que oferece servi\u00e7os de plano de sa\u00fade.&nbsp;<\/div>\n<div style=\"background-color: white; border: 0px; outline: 0px; padding: 0px; vertical-align: baseline;\">\n<\/div>\n<div style=\"text-align: justify;\">\nAl\u00e9m desse tipo de servi\u00e7o, os associados da C\u00e2mara de Dirigentes Lojistas ter\u00e3o a oportunidade de contratar Planos Odontol\u00f3gicos e empresariais, com car\u00eancia zero.<\/div>\n<div style=\"text-align: justify;\">\nEm Caruaru, o Hospital Santa Efig\u00eania \u00e9 parceira do Amil. Voc\u00ea pode tirar d\u00favidas pelos n\u00fameros (81) 3101 2900 ou 0800 4091000.<\/div>\n","protected":false},"excerpt":{"rendered":"<p>A CDL Caruaru apresentou na tarde desta ter\u00e7a-feira (25) uma parceria com a Amil, empresa que oferece servi\u00e7os de plano&hellip;<\/p>\n","protected":false},"author":1,"featured_media":0,"comment_status":"open","ping_status":"open","sticky":false,"template":"","format":"standard","meta":{"footnotes":""},"categories":[1],"tags":[2,1175,6],"class_list":["post-1217","post","type-post","status-publish","format-standard","hentry","category-sem-categoria","tag-blog-do-edvaldo-magalhaes","tag-cdl-caruaru-oferece-plano-de-saude-para-associados","tag-noticias"],"_links":{"self":[{"href":"https:\/\/blogdoedvaldomagalhaes.com.br\/index.php\/wp-json\/wp\/v2\/posts\/1217","targetHints":{"allow":["GET"]}}],"collection":[{"href":"https:\/\/blogdoedvaldomagalhaes.com.br\/index.php\/wp-json\/wp\/v2\/posts"}],"about":[{"href":"https:\/\/blogdoedvaldomagalhaes.com.br\/index.php\/wp-json\/wp\/v2\/types\/post"}],"author":[{"embeddable":true,"href":"https:\/\/blogdoedvaldomagalhaes.com.br\/index.php\/wp-json\/wp\/v2\/users\/1"}],"replies":[{"embeddable":true,"href":"https:\/\/blogdoedvaldomagalhaes.com.br\/index.php\/wp-json\/wp\/v2\/comments?post=1217"}],"version-history":[{"count":1,"href":"https:\/\/blogdoedvaldomagalhaes.com.br\/index.php\/wp-json\/wp\/v2\/posts\/1217\/revisions"}],"predecessor-version":[{"id":34350,"href":"https:\/\/blogdoedvaldomagalhaes.com.br\/index.php\/wp-json\/wp\/v2\/posts\/1217\/revisions\/34350"}],"wp:attachment":[{"href":"https:\/\/blogdoedvaldomagalhaes.com.br\/index.php\/wp-json\/wp\/v2\/media?parent=1217"}],"wp:term":[{"taxonomy":"category","embeddable":true,"href":"https:\/\/blogdoedvaldomagalhaes.com.br\/index.php\/wp-json\/wp\/v2\/categories?post=1217"},{"taxonomy":"post_tag","embeddable":true,"href":"https:\/\/blogdoedvaldomagalhaes.com.br\/index.php\/wp-json\/wp\/v2\/tags?post=1217"}],"curies":[{"name":"wp","href":"https:\/\/api.w.org\/{rel}","templated":true}]}}