{"id":121672,"date":"2025-08-01T14:09:56","date_gmt":"2025-08-01T17:09:56","guid":{"rendered":"https:\/\/blogdoedvaldomagalhaes.com.br\/?p=121672"},"modified":"2025-08-01T14:09:56","modified_gmt":"2025-08-01T17:09:56","slug":"filho-morre-e-mae-fica-ferida-apos-caminhao-bater-na-traseira-de-moto-na-br-232","status":"publish","type":"post","link":"https:\/\/blogdoedvaldomagalhaes.com.br\/index.php\/2025\/08\/01\/filho-morre-e-mae-fica-ferida-apos-caminhao-bater-na-traseira-de-moto-na-br-232\/","title":{"rendered":"Filho morre e m\u00e3e fica ferida, ap\u00f3s caminh\u00e3o bater na traseira de moto na BR 232"},"content":{"rendered":"<p>Por volta das 18h30, da quinta-feira (31.07), a PRF foi acionada para atender um sinistro de tr\u00e2nsito no km 59 da BR 232, em Pombos, sentido Recife.<\/p>\n<p>Segundo a PRF Foi uma colis\u00e3o traseira de um ve\u00edculo n\u00e3o identificado em uma motocicleta.  O condutor da moto de 22 anos faleceu no local.<\/p>\n<p>A passageira teve ferimentos leves e n\u00e3o precisou ser conduzida para o Hospital.<\/p>\n<p>O SAMU, IC e IML tamb\u00e9m estiveram no local. A Pol\u00edcia Civil vai investigar o caso.<br \/>\nSeja seguidor do Instagram do Blog pelo @blogdoedvaldomagalhaes<br \/>\nFoto: Divulga\u00e7\u00e3o\/PRF<\/p>\n","protected":false},"excerpt":{"rendered":"<p>Por volta das 18h30, da quinta-feira (31.07), a PRF foi acionada para atender um sinistro de tr\u00e2nsito no km 59&hellip;<\/p>\n","protected":false},"author":1,"featured_media":121673,"comment_status":"closed","ping_status":"open","sticky":false,"template":"","format":"standard","meta":{"footnotes":""},"categories":[14120],"tags":[14276,29440,27410,2,28801,34313],"class_list":["post-121672","post","type-post","status-publish","format-standard","has-post-thumbnail","hentry","category-noticias","tag-acidente","tag-blog-com-mais-visualizacao","tag-blog-de-caruaru","tag-blog-do-edvaldo-magalhaes","tag-blog-mais-acessado","tag-filho-morre-e-mae-fica-ferida-apos-caminhao-bater-na-traseira-de-moto-na-br-232"],"_links":{"self":[{"href":"https:\/\/blogdoedvaldomagalhaes.com.br\/index.php\/wp-json\/wp\/v2\/posts\/121672","targetHints":{"allow":["GET"]}}],"collection":[{"href":"https:\/\/blogdoedvaldomagalhaes.com.br\/index.php\/wp-json\/wp\/v2\/posts"}],"about":[{"href":"https:\/\/blogdoedvaldomagalhaes.com.br\/index.php\/wp-json\/wp\/v2\/types\/post"}],"author":[{"embeddable":true,"href":"https:\/\/blogdoedvaldomagalhaes.com.br\/index.php\/wp-json\/wp\/v2\/users\/1"}],"replies":[{"embeddable":true,"href":"https:\/\/blogdoedvaldomagalhaes.com.br\/index.php\/wp-json\/wp\/v2\/comments?post=121672"}],"version-history":[{"count":1,"href":"https:\/\/blogdoedvaldomagalhaes.com.br\/index.php\/wp-json\/wp\/v2\/posts\/121672\/revisions"}],"predecessor-version":[{"id":121674,"href":"https:\/\/blogdoedvaldomagalhaes.com.br\/index.php\/wp-json\/wp\/v2\/posts\/121672\/revisions\/121674"}],"wp:featuredmedia":[{"embeddable":true,"href":"https:\/\/blogdoedvaldomagalhaes.com.br\/index.php\/wp-json\/wp\/v2\/media\/121673"}],"wp:attachment":[{"href":"https:\/\/blogdoedvaldomagalhaes.com.br\/index.php\/wp-json\/wp\/v2\/media?parent=121672"}],"wp:term":[{"taxonomy":"category","embeddable":true,"href":"https:\/\/blogdoedvaldomagalhaes.com.br\/index.php\/wp-json\/wp\/v2\/categories?post=121672"},{"taxonomy":"post_tag","embeddable":true,"href":"https:\/\/blogdoedvaldomagalhaes.com.br\/index.php\/wp-json\/wp\/v2\/tags?post=121672"}],"curies":[{"name":"wp","href":"https:\/\/api.w.org\/{rel}","templated":true}]}}