{"id":121666,"date":"2025-08-01T13:10:52","date_gmt":"2025-08-01T16:10:52","guid":{"rendered":"https:\/\/blogdoedvaldomagalhaes.com.br\/?p=121666"},"modified":"2025-08-01T13:59:13","modified_gmt":"2025-08-01T16:59:13","slug":"motociclista-morre-apos-colisao-com-caminhao","status":"publish","type":"post","link":"https:\/\/blogdoedvaldomagalhaes.com.br\/index.php\/2025\/08\/01\/motociclista-morre-apos-colisao-com-caminhao\/","title":{"rendered":"Motociclista morre, ap\u00f3s colis\u00e3o com caminh\u00e3o"},"content":{"rendered":"<p>O sinistro de tr\u00e2nsito ocorreu por volta das 6h, desta sexta-feira (1\u00b0), no Km 23 da BR 423, em S\u00e3o Caetano<\/p>\n<p>O condutor de uma motocicleta foi acessar a rodovia, quando ocorreu uma colis\u00e3o com um caminh\u00e3o que j\u00e1 trafegava na pista.<\/p>\n<p>O condutor da moto faleceu no local.<\/p>\n<p>O motorista do caminh\u00e3o n\u00e3o ficou ferido. Ele realizou o teste do baf\u00f4metro e o resultado foi normal. A PRF est\u00e1 no local aguardando o IC e IML.<br \/>\nSeja seguidor do Instagram do Blog pelo @blogdoedvaldomagalhaes<\/p>\n<p><img loading=\"lazy\" decoding=\"async\" src=\"https:\/\/blogdoedvaldomagalhaes.com.br\/wp-content\/uploads\/2025\/08\/img-20250801-wa00491211615722151826332.jpg\" class=\"wp-image-121669 alignnone size-full\" width=\"1152\" height=\"864\" srcset=\"https:\/\/blogdoedvaldomagalhaes.com.br\/wp-content\/uploads\/2025\/08\/img-20250801-wa00491211615722151826332.jpg 1152w, https:\/\/blogdoedvaldomagalhaes.com.br\/wp-content\/uploads\/2025\/08\/img-20250801-wa00491211615722151826332-300x225.jpg 300w, https:\/\/blogdoedvaldomagalhaes.com.br\/wp-content\/uploads\/2025\/08\/img-20250801-wa00491211615722151826332-1024x768.jpg 1024w, https:\/\/blogdoedvaldomagalhaes.com.br\/wp-content\/uploads\/2025\/08\/img-20250801-wa00491211615722151826332-768x576.jpg 768w, https:\/\/blogdoedvaldomagalhaes.com.br\/wp-content\/uploads\/2025\/08\/img-20250801-wa00491211615722151826332-160x120.jpg 160w\" sizes=\"auto, (max-width: 1152px) 100vw, 1152px\" \/><\/p>\n<p>Fotos: Divulga\u00e7\u00e3o\/PRF<\/p>\n","protected":false},"excerpt":{"rendered":"<p>O sinistro de tr\u00e2nsito ocorreu por volta das 6h, desta sexta-feira (1\u00b0), no Km 23 da BR 423, em S\u00e3o&hellip;<\/p>\n","protected":false},"author":1,"featured_media":121667,"comment_status":"closed","ping_status":"open","sticky":false,"template":"","format":"standard","meta":{"footnotes":""},"categories":[14120],"tags":[14276,28803,2,28801,34310],"class_list":["post-121666","post","type-post","status-publish","format-standard","has-post-thumbnail","hentry","category-noticias","tag-acidente","tag-blog-com-mais-visualizacoes","tag-blog-do-edvaldo-magalhaes","tag-blog-mais-acessado","tag-boa-de-caruaru"],"_links":{"self":[{"href":"https:\/\/blogdoedvaldomagalhaes.com.br\/index.php\/wp-json\/wp\/v2\/posts\/121666","targetHints":{"allow":["GET"]}}],"collection":[{"href":"https:\/\/blogdoedvaldomagalhaes.com.br\/index.php\/wp-json\/wp\/v2\/posts"}],"about":[{"href":"https:\/\/blogdoedvaldomagalhaes.com.br\/index.php\/wp-json\/wp\/v2\/types\/post"}],"author":[{"embeddable":true,"href":"https:\/\/blogdoedvaldomagalhaes.com.br\/index.php\/wp-json\/wp\/v2\/users\/1"}],"replies":[{"embeddable":true,"href":"https:\/\/blogdoedvaldomagalhaes.com.br\/index.php\/wp-json\/wp\/v2\/comments?post=121666"}],"version-history":[{"count":2,"href":"https:\/\/blogdoedvaldomagalhaes.com.br\/index.php\/wp-json\/wp\/v2\/posts\/121666\/revisions"}],"predecessor-version":[{"id":121670,"href":"https:\/\/blogdoedvaldomagalhaes.com.br\/index.php\/wp-json\/wp\/v2\/posts\/121666\/revisions\/121670"}],"wp:featuredmedia":[{"embeddable":true,"href":"https:\/\/blogdoedvaldomagalhaes.com.br\/index.php\/wp-json\/wp\/v2\/media\/121667"}],"wp:attachment":[{"href":"https:\/\/blogdoedvaldomagalhaes.com.br\/index.php\/wp-json\/wp\/v2\/media?parent=121666"}],"wp:term":[{"taxonomy":"category","embeddable":true,"href":"https:\/\/blogdoedvaldomagalhaes.com.br\/index.php\/wp-json\/wp\/v2\/categories?post=121666"},{"taxonomy":"post_tag","embeddable":true,"href":"https:\/\/blogdoedvaldomagalhaes.com.br\/index.php\/wp-json\/wp\/v2\/tags?post=121666"}],"curies":[{"name":"wp","href":"https:\/\/api.w.org\/{rel}","templated":true}]}}