{"id":121662,"date":"2025-08-01T12:49:40","date_gmt":"2025-08-01T15:49:40","guid":{"rendered":"https:\/\/blogdoedvaldomagalhaes.com.br\/?p=121662"},"modified":"2025-08-01T12:51:34","modified_gmt":"2025-08-01T15:51:34","slug":"hospital-mestre-de-vitalino-abriu-processo-seletivo-para-jovem-aprendiz","status":"publish","type":"post","link":"https:\/\/blogdoedvaldomagalhaes.com.br\/index.php\/2025\/08\/01\/hospital-mestre-de-vitalino-abriu-processo-seletivo-para-jovem-aprendiz\/","title":{"rendered":"Hospital Mestre de Vitalino abriu processo seletivo para Jovem Aprendiz"},"content":{"rendered":"<p>O Hospital Mestre Vitalino, localizado em Caruaru (PE), est\u00e1 com inscri\u00e7\u00f5es abertas para o processo seletivo do Programa Jovem Aprendiz, conforme o Edital n\u00ba 35\/2025. Ao todo, est\u00e3o sendo oferecidas tr\u00eas vagas imediatas. A sele\u00e7\u00e3o \u00e9 voltada a jovens com idade entre 18 anos completos e 22 anos incompletos, que estejam matriculados e frequentando a escola ou que j\u00e1 tenham conclu\u00eddo o Ensino M\u00e9dio.<\/p>\n<p>A jornada semanal ser\u00e1 de 20 horas, com atividades te\u00f3ricas realizadas no CIEE (Centro de Integra\u00e7\u00e3o Empresa-Escola) um dia por semana, e atividades pr\u00e1ticas desenvolvidas no Hospital Mestre Vitalino durante os outros quatro dias. Ao final do contrato, o jovem aprendiz receber\u00e1 certificado de conclus\u00e3o do curso, emitido pelo CIEE, com a respectiva carga hor\u00e1ria e desempenho obtido.<\/p>\n<p>O processo seletivo ser\u00e1 dividido em tr\u00eas etapas: an\u00e1lise curricular (eliminat\u00f3ria), avalia\u00e7\u00e3o de conhecimentos e reda\u00e7\u00e3o (classificat\u00f3ria e eliminat\u00f3ria), e entrevista comportamental (tamb\u00e9m classificat\u00f3ria e eliminat\u00f3ria). Os interessados devem encaminhar at\u00e9 o dia 5 de agosto de 2025 o curr\u00edculo atualizado, RG e comprovante de escolaridade (declara\u00e7\u00e3o de matr\u00edcula ou certificado de conclus\u00e3o do Ensino M\u00e9dio) para o e-mail processoseletivo@hospitalmestrevitalino.com.br. No assunto do e-mail, \u00e9 necess\u00e1rio informar o nome completo do candidato e a vaga pretendida.<\/p>\n<p>O cronograma prev\u00ea a divulga\u00e7\u00e3o da convoca\u00e7\u00e3o para a prova no dia 7 de agosto; a aplica\u00e7\u00e3o da prova e da reda\u00e7\u00e3o no dia 11; o resultado dessa etapa e a convoca\u00e7\u00e3o para entrevista no dia 13; a entrevista comportamental no dia 15; e a divulga\u00e7\u00e3o do resultado final no dia 16 de agosto. A sele\u00e7\u00e3o ter\u00e1 validade de seis meses, podendo ser prorrogada por igual per\u00edodo a crit\u00e9rio da institui\u00e7\u00e3o. Todas as informa\u00e7\u00f5es est\u00e3o dispon\u00edveis no site oficial: www.hospitalmestrevitalino.com.br.<br \/>\nSegue o Instagram do Blog pelo @blogdoedvaldomagalhaes<\/p>\n","protected":false},"excerpt":{"rendered":"<p>O Hospital Mestre Vitalino, localizado em Caruaru (PE), est\u00e1 com inscri\u00e7\u00f5es abertas para o processo seletivo do Programa Jovem Aprendiz,&hellip;<\/p>\n","protected":false},"author":1,"featured_media":121665,"comment_status":"closed","ping_status":"open","sticky":false,"template":"","format":"standard","meta":{"footnotes":""},"categories":[14120],"tags":[30592,27410,13146,28801,34308],"class_list":["post-121662","post","type-post","status-publish","format-standard","has-post-thumbnail","hentry","category-noticias","tag-blog-com-mais-seguidores","tag-blog-de-caruaru","tag-blog-edvaldo-magalhaes","tag-blog-mais-acessado","tag-hospital-mestre-de-vitalino-abriu-processo-seletivo-para-jovem-aprendiz"],"_links":{"self":[{"href":"https:\/\/blogdoedvaldomagalhaes.com.br\/index.php\/wp-json\/wp\/v2\/posts\/121662","targetHints":{"allow":["GET"]}}],"collection":[{"href":"https:\/\/blogdoedvaldomagalhaes.com.br\/index.php\/wp-json\/wp\/v2\/posts"}],"about":[{"href":"https:\/\/blogdoedvaldomagalhaes.com.br\/index.php\/wp-json\/wp\/v2\/types\/post"}],"author":[{"embeddable":true,"href":"https:\/\/blogdoedvaldomagalhaes.com.br\/index.php\/wp-json\/wp\/v2\/users\/1"}],"replies":[{"embeddable":true,"href":"https:\/\/blogdoedvaldomagalhaes.com.br\/index.php\/wp-json\/wp\/v2\/comments?post=121662"}],"version-history":[{"count":1,"href":"https:\/\/blogdoedvaldomagalhaes.com.br\/index.php\/wp-json\/wp\/v2\/posts\/121662\/revisions"}],"predecessor-version":[{"id":121663,"href":"https:\/\/blogdoedvaldomagalhaes.com.br\/index.php\/wp-json\/wp\/v2\/posts\/121662\/revisions\/121663"}],"wp:featuredmedia":[{"embeddable":true,"href":"https:\/\/blogdoedvaldomagalhaes.com.br\/index.php\/wp-json\/wp\/v2\/media\/121665"}],"wp:attachment":[{"href":"https:\/\/blogdoedvaldomagalhaes.com.br\/index.php\/wp-json\/wp\/v2\/media?parent=121662"}],"wp:term":[{"taxonomy":"category","embeddable":true,"href":"https:\/\/blogdoedvaldomagalhaes.com.br\/index.php\/wp-json\/wp\/v2\/categories?post=121662"},{"taxonomy":"post_tag","embeddable":true,"href":"https:\/\/blogdoedvaldomagalhaes.com.br\/index.php\/wp-json\/wp\/v2\/tags?post=121662"}],"curies":[{"name":"wp","href":"https:\/\/api.w.org\/{rel}","templated":true}]}}