{"id":121658,"date":"2025-08-01T11:37:04","date_gmt":"2025-08-01T14:37:04","guid":{"rendered":"https:\/\/blogdoedvaldomagalhaes.com.br\/?p=121658"},"modified":"2025-08-01T11:37:04","modified_gmt":"2025-08-01T14:37:04","slug":"prf-apreende-carro-clonado-e-localiza-veiculo-original-em-caruaru","status":"publish","type":"post","link":"https:\/\/blogdoedvaldomagalhaes.com.br\/index.php\/2025\/08\/01\/prf-apreende-carro-clonado-e-localiza-veiculo-original-em-caruaru\/","title":{"rendered":"PRF apreende carro clonado e localiza ve\u00edculo original em Caruaru"},"content":{"rendered":"<p>Um caso inusitado chamou a aten\u00e7\u00e3o de policiais rodovi\u00e1rios federais na tarde de quinta-feira (31). Um carro com placas clonadas e o ve\u00edculo original foram localizados no mesmo dia, em Caruaru, no Agreste de Pernambuco.<\/p>\n<p>Uma equipe da PRF realizava uma fiscaliza\u00e7\u00e3o na BR 104, quando abordou um carro regularizado, que era utilizado no transporte de passageiros por aplicativo. Horas depois, um carro id\u00eantico foi abordado e, durante a verifica\u00e7\u00e3o, foi constatado que a placa era clonada e o ve\u00edculo havia sido roubado no ano de 2022 em Recife.<\/p>\n<p>O motorista alegou ter adquirido o carro h\u00e1 tr\u00eas anos em uma feira de Caruaru. Ele foi detido e encaminhado \u00e0 Delegacia de Pol\u00edcia Civil da regi\u00e3o.<\/p>\n<p>Na Delegacia, foi feito contato com o propriet\u00e1rio do ve\u00edculo original, que havia sido clonado, e ele foi ao encontro da equipe. O homem disse que estava recebendo autua\u00e7\u00f5es indevidas e ficou aliviado ao receber a not\u00edcia.<br \/>\nSiga o Instagram do Blog pelo @blogdoedvaldomagalhaes<br \/>\nFoto: Divulga\u00e7\u00e3o\/PRF<\/p>\n","protected":false},"excerpt":{"rendered":"<p>Um caso inusitado chamou a aten\u00e7\u00e3o de policiais rodovi\u00e1rios federais na tarde de quinta-feira (31). Um carro com placas clonadas&hellip;<\/p>\n","protected":false},"author":1,"featured_media":121659,"comment_status":"closed","ping_status":"open","sticky":false,"template":"","format":"standard","meta":{"footnotes":""},"categories":[14121],"tags":[30253,29440,13146,28801,34307],"class_list":["post-121658","post","type-post","status-publish","format-standard","has-post-thumbnail","hentry","category-policial","tag-blog-caruaru","tag-blog-com-mais-visualizacao","tag-blog-edvaldo-magalhaes","tag-blog-mais-acessado","tag-prf-apreende-carro-clonado-e-localiza-veiculo-original-em-caruaru"],"_links":{"self":[{"href":"https:\/\/blogdoedvaldomagalhaes.com.br\/index.php\/wp-json\/wp\/v2\/posts\/121658","targetHints":{"allow":["GET"]}}],"collection":[{"href":"https:\/\/blogdoedvaldomagalhaes.com.br\/index.php\/wp-json\/wp\/v2\/posts"}],"about":[{"href":"https:\/\/blogdoedvaldomagalhaes.com.br\/index.php\/wp-json\/wp\/v2\/types\/post"}],"author":[{"embeddable":true,"href":"https:\/\/blogdoedvaldomagalhaes.com.br\/index.php\/wp-json\/wp\/v2\/users\/1"}],"replies":[{"embeddable":true,"href":"https:\/\/blogdoedvaldomagalhaes.com.br\/index.php\/wp-json\/wp\/v2\/comments?post=121658"}],"version-history":[{"count":1,"href":"https:\/\/blogdoedvaldomagalhaes.com.br\/index.php\/wp-json\/wp\/v2\/posts\/121658\/revisions"}],"predecessor-version":[{"id":121660,"href":"https:\/\/blogdoedvaldomagalhaes.com.br\/index.php\/wp-json\/wp\/v2\/posts\/121658\/revisions\/121660"}],"wp:featuredmedia":[{"embeddable":true,"href":"https:\/\/blogdoedvaldomagalhaes.com.br\/index.php\/wp-json\/wp\/v2\/media\/121659"}],"wp:attachment":[{"href":"https:\/\/blogdoedvaldomagalhaes.com.br\/index.php\/wp-json\/wp\/v2\/media?parent=121658"}],"wp:term":[{"taxonomy":"category","embeddable":true,"href":"https:\/\/blogdoedvaldomagalhaes.com.br\/index.php\/wp-json\/wp\/v2\/categories?post=121658"},{"taxonomy":"post_tag","embeddable":true,"href":"https:\/\/blogdoedvaldomagalhaes.com.br\/index.php\/wp-json\/wp\/v2\/tags?post=121658"}],"curies":[{"name":"wp","href":"https:\/\/api.w.org\/{rel}","templated":true}]}}