{"id":121651,"date":"2025-07-31T21:02:44","date_gmt":"2025-08-01T00:02:44","guid":{"rendered":"https:\/\/blogdoedvaldomagalhaes.com.br\/?p=121651"},"modified":"2025-07-31T21:02:44","modified_gmt":"2025-08-01T00:02:44","slug":"atriz-maria-alves-e-a-mais-nova-imortal-de-caruaru","status":"publish","type":"post","link":"https:\/\/blogdoedvaldomagalhaes.com.br\/index.php\/2025\/07\/31\/atriz-maria-alves-e-a-mais-nova-imortal-de-caruaru\/","title":{"rendered":"Atriz Maria Alves \u00e9 a mais nova Imortal de Caruaru"},"content":{"rendered":"<p><span style=\"font-size: revert;\">A atriz Maria Alves foi eleita e passar\u00e1 a compor o quadro de imortais da Academia Caruaruense de Cultura, Ci\u00eancias e Letras (ACACCIL). A elei\u00e7\u00e3o aconteceu na Assembleia Geral Extraordin\u00e1ria no \u00faltimo dia 26 de julho e elegeu al\u00e9m dela, o professor e radialista, Uaci Edvaldo Matias Silva e o professor, advogado e psic\u00f3logo Juarez Caesar Malta Sobreira. Maria Alves ir\u00e1 ocupar a cadeira n\u00b0 09, que tem como patrono Natal\u00edcio Augusto das Neves (L\u00edcio Neves) e que teve como ocupante anterior, Janduhy Finizola da Cunha. A ACACCIL \u00e9 composta por 40 cadeiras e atualmente tem 35 ocupadas, com a nova escolha passar\u00e1 a ter 38 cadeiras ocupadas, sendo 25 por homens e 13 por mulheres. Essas cadeiras possuem patronos e patronesses, que foram selecionados nos anos iniciais da funda\u00e7\u00e3o da ACACCIL e representam pessoas que contribu\u00edram nas \u00e1reas de cultura, ci\u00eancias e letras.<\/span><\/p>\n<p>Maria Alves \u00e9 natural de Caruaru, \u00e9 pedagoga formada, pela UFPE \u2013 Campus do Agreste onde tamb\u00e9m se tornou Mestra em Educa\u00e7\u00e3o Contempor\u00e2nea, \u00e9 atriz, encenadora, arte\/educadora, professora de teatro, produtora cultural e Escritora. H\u00e1 31 anos \u00e9 professora de teatro do Col\u00e9gio Diocesano de Caruaru, foi tamb\u00e9m professora substituta na UFPE da disciplina Arte\/Educa\u00e7\u00e3o, foi presidente da Funda\u00e7\u00e3o de Cultura de Caruaru e tamb\u00e9m gerente de artes da Secret\u00e1ria de Educa\u00e7\u00e3o de Caruaru. Como Produtora Cultural est\u00e1 \u00e0 frente da Maktub Teatro e Outras Invencionices, \u00e9 autora do livro \u201cArte e seu ensino: sentidos atribu\u00eddos pelas vozes das crian\u00e7as dos anos iniciais do Ensino Fundamental\u201d que foi editado e lan\u00e7ado pelo SESC de Pernambuco. Tem 45 anos de servi\u00e7os prestados a Caruaru e a Pernambuco atrav\u00e9s da Arte, da Cultura e da Educa\u00e7\u00e3o.<\/p>\n<p>Os nomes foram escolhidos atrav\u00e9s de votos pelos membros atuais da ACACCIL. A data da posse ainda ser\u00e1 divulgada. A ACACCIL foi fundada em 18 de maio de 1982 e atualmente \u00e9 presidida por Paulo Muniz.<br \/>\nSiga o Instagram do Blog pelo @blogdoedvaldomagalhaes.<br \/>\nFoto: Divulga\u00e7\u00e3o<\/p>\n","protected":false},"excerpt":{"rendered":"<p>A atriz Maria Alves foi eleita e passar\u00e1 a compor o quadro de imortais da Academia Caruaruense de Cultura, Ci\u00eancias&hellip;<\/p>\n","protected":false},"author":1,"featured_media":121652,"comment_status":"closed","ping_status":"open","sticky":false,"template":"","format":"standard","meta":{"footnotes":""},"categories":[14120],"tags":[30592,2],"class_list":["post-121651","post","type-post","status-publish","format-standard","has-post-thumbnail","hentry","category-noticias","tag-blog-com-mais-seguidores","tag-blog-do-edvaldo-magalhaes"],"_links":{"self":[{"href":"https:\/\/blogdoedvaldomagalhaes.com.br\/index.php\/wp-json\/wp\/v2\/posts\/121651","targetHints":{"allow":["GET"]}}],"collection":[{"href":"https:\/\/blogdoedvaldomagalhaes.com.br\/index.php\/wp-json\/wp\/v2\/posts"}],"about":[{"href":"https:\/\/blogdoedvaldomagalhaes.com.br\/index.php\/wp-json\/wp\/v2\/types\/post"}],"author":[{"embeddable":true,"href":"https:\/\/blogdoedvaldomagalhaes.com.br\/index.php\/wp-json\/wp\/v2\/users\/1"}],"replies":[{"embeddable":true,"href":"https:\/\/blogdoedvaldomagalhaes.com.br\/index.php\/wp-json\/wp\/v2\/comments?post=121651"}],"version-history":[{"count":1,"href":"https:\/\/blogdoedvaldomagalhaes.com.br\/index.php\/wp-json\/wp\/v2\/posts\/121651\/revisions"}],"predecessor-version":[{"id":121653,"href":"https:\/\/blogdoedvaldomagalhaes.com.br\/index.php\/wp-json\/wp\/v2\/posts\/121651\/revisions\/121653"}],"wp:featuredmedia":[{"embeddable":true,"href":"https:\/\/blogdoedvaldomagalhaes.com.br\/index.php\/wp-json\/wp\/v2\/media\/121652"}],"wp:attachment":[{"href":"https:\/\/blogdoedvaldomagalhaes.com.br\/index.php\/wp-json\/wp\/v2\/media?parent=121651"}],"wp:term":[{"taxonomy":"category","embeddable":true,"href":"https:\/\/blogdoedvaldomagalhaes.com.br\/index.php\/wp-json\/wp\/v2\/categories?post=121651"},{"taxonomy":"post_tag","embeddable":true,"href":"https:\/\/blogdoedvaldomagalhaes.com.br\/index.php\/wp-json\/wp\/v2\/tags?post=121651"}],"curies":[{"name":"wp","href":"https:\/\/api.w.org\/{rel}","templated":true}]}}