{"id":121648,"date":"2025-07-31T18:57:55","date_gmt":"2025-07-31T21:57:55","guid":{"rendered":"https:\/\/blogdoedvaldomagalhaes.com.br\/?p=121648"},"modified":"2025-07-31T18:57:55","modified_gmt":"2025-07-31T21:57:55","slug":"suspeitos-de-roubo-a-carga-sao-detidos-pela-prf-em-bezerros","status":"publish","type":"post","link":"https:\/\/blogdoedvaldomagalhaes.com.br\/index.php\/2025\/07\/31\/suspeitos-de-roubo-a-carga-sao-detidos-pela-prf-em-bezerros\/","title":{"rendered":"Suspeitos de roubo a carga s\u00e3o detidos pela PRF em Bezerros"},"content":{"rendered":"<p>Dois homens suspeitos de roubo a carga foram detidos, na quarta-feira (30.07), pela Pol\u00edcia Rodovi\u00e1ria Federal (PRF), na BR-232, em Bezerros, no Agreste de Pernambuco. O carro utilizado pela dupla era adulterado e transportava duas placas falsas, al\u00e9m de um equipamento que bloqueia o sinal de rastreamento de ve\u00edculos.<\/p>\n<p>No decorrer de uma fiscaliza\u00e7\u00e3o, um carro que trafegava em alta velocidade e com l\u00e2mpadas apagadas chamou a aten\u00e7\u00e3o dos policiais, que sinalizaram a ordem de parada. Ao perceber a viatura, o motorista acelerou e tentou fugir por cerca de quinze quil\u00f4metros, at\u00e9 perder o controle do ve\u00edculo e sair da pista.<\/p>\n<p>Tr\u00eas ocupantes desembarcaram e correram para um matagal, mas dois foram alcan\u00e7ados. Equipes da 3\u00aa Companhia do 4\u00ba Batalh\u00e3o de Pol\u00edcia Militar (BPM) foram acionadas para realizar buscas ao terceiro suspeito, mas ele n\u00e3o foi encontrado.<\/p>\n<p>Durante a verifica\u00e7\u00e3o no ve\u00edculo, a equipe constatou que as placas do carro eram falsas, al\u00e9m de encontrar um jammer, equipamento que bloqueia o sinal de ve\u00edculos de carga.<\/p>\n<p>Um dos suspeitos possu\u00eda passagem na pol\u00edcia por recepta\u00e7\u00e3o e porte ilegal de arma. Ele portava  duas muni\u00e7\u00f5es calibre 38 e uma por\u00e7\u00e3o de subst\u00e2ncia semelhante \u00e0 maconha.<\/p>\n<p>Os suspeitos, o carro e os materiais apreendidos foram encaminhados para a Delegacia de Pol\u00edcia Civil de Bezerros. Eles podem responder por adultera\u00e7\u00e3o de sinal identificador de ve\u00edculo e porte ilegal de muni\u00e7\u00e3o.<br \/>\nSeja seguidor do Instagram do Blog pelo @blogdoedvaldomagalhaes<br \/>\nFoto: Divulga\u00e7\u00e3o\/PRF<\/p>\n","protected":false},"excerpt":{"rendered":"<p>Dois homens suspeitos de roubo a carga foram detidos, na quarta-feira (30.07), pela Pol\u00edcia Rodovi\u00e1ria Federal (PRF), na BR-232, em&hellip;<\/p>\n","protected":false},"author":1,"featured_media":121649,"comment_status":"closed","ping_status":"open","sticky":false,"template":"","format":"standard","meta":{"footnotes":""},"categories":[14121],"tags":[28803,27410,2,28801,34305],"class_list":["post-121648","post","type-post","status-publish","format-standard","has-post-thumbnail","hentry","category-policial","tag-blog-com-mais-visualizacoes","tag-blog-de-caruaru","tag-blog-do-edvaldo-magalhaes","tag-blog-mais-acessado","tag-suspeitos-de-roubo-a-carga-sao-detidos-pela-prf-em-bezerros"],"_links":{"self":[{"href":"https:\/\/blogdoedvaldomagalhaes.com.br\/index.php\/wp-json\/wp\/v2\/posts\/121648","targetHints":{"allow":["GET"]}}],"collection":[{"href":"https:\/\/blogdoedvaldomagalhaes.com.br\/index.php\/wp-json\/wp\/v2\/posts"}],"about":[{"href":"https:\/\/blogdoedvaldomagalhaes.com.br\/index.php\/wp-json\/wp\/v2\/types\/post"}],"author":[{"embeddable":true,"href":"https:\/\/blogdoedvaldomagalhaes.com.br\/index.php\/wp-json\/wp\/v2\/users\/1"}],"replies":[{"embeddable":true,"href":"https:\/\/blogdoedvaldomagalhaes.com.br\/index.php\/wp-json\/wp\/v2\/comments?post=121648"}],"version-history":[{"count":1,"href":"https:\/\/blogdoedvaldomagalhaes.com.br\/index.php\/wp-json\/wp\/v2\/posts\/121648\/revisions"}],"predecessor-version":[{"id":121650,"href":"https:\/\/blogdoedvaldomagalhaes.com.br\/index.php\/wp-json\/wp\/v2\/posts\/121648\/revisions\/121650"}],"wp:featuredmedia":[{"embeddable":true,"href":"https:\/\/blogdoedvaldomagalhaes.com.br\/index.php\/wp-json\/wp\/v2\/media\/121649"}],"wp:attachment":[{"href":"https:\/\/blogdoedvaldomagalhaes.com.br\/index.php\/wp-json\/wp\/v2\/media?parent=121648"}],"wp:term":[{"taxonomy":"category","embeddable":true,"href":"https:\/\/blogdoedvaldomagalhaes.com.br\/index.php\/wp-json\/wp\/v2\/categories?post=121648"},{"taxonomy":"post_tag","embeddable":true,"href":"https:\/\/blogdoedvaldomagalhaes.com.br\/index.php\/wp-json\/wp\/v2\/tags?post=121648"}],"curies":[{"name":"wp","href":"https:\/\/api.w.org\/{rel}","templated":true}]}}