{"id":121639,"date":"2025-07-31T18:25:11","date_gmt":"2025-07-31T21:25:11","guid":{"rendered":"https:\/\/blogdoedvaldomagalhaes.com.br\/?p=121639"},"modified":"2025-07-31T18:39:28","modified_gmt":"2025-07-31T21:39:28","slug":"inscricoes-abertas-para-o-camarote-da-acessibilidade-no-6o-festival-cafe-cultural-em-taquaritinga-do-norte","status":"publish","type":"post","link":"https:\/\/blogdoedvaldomagalhaes.com.br\/index.php\/2025\/07\/31\/inscricoes-abertas-para-o-camarote-da-acessibilidade-no-6o-festival-cafe-cultural-em-taquaritinga-do-norte\/","title":{"rendered":"Inscri\u00e7\u00f5es abertas para o Camarote da Acessibilidade no 6\u00ba Festival Caf\u00e9 Cultural em Taquaritinga do Norte"},"content":{"rendered":"<p>O 6\u00ba Festival Caf\u00e9 Cultural, um dos eventos mais aguardados do agreste pernambucano, inova em sua edi\u00e7\u00e3o de 2025 ao lan\u00e7ar o *Camarote da Acessibilidade* , um espa\u00e7o dedicado \u00e0s Pessoas com Defici\u00eancia (PCDs). Pela primeira vez na hist\u00f3ria do festival, com shows que acontecem entre *7 e 10 de agosto* na Pra\u00e7a Central de Taquaritinga do Norte, o evento oferecer\u00e1 um ambiente adaptado com rampa de acesso, banheiros acess\u00edveis e estrutura pensada para garantir conforto, seguran\u00e7a e inclus\u00e3o.<\/p>\n<p>O Camarote da Acessibilidade foi idealizado para proporcionar \u00e0s PCDs uma experi\u00eancia completa durante as apresenta\u00e7\u00f5es musicais e culturais, eliminando barreiras f\u00edsicas e promovendo igualdade de oportunidades. \u201cNosso objetivo \u00e9 assegurar que todos possam desfrutar do Festival Caf\u00e9 Cultural com dignidade e comodidade, refor\u00e7ando nosso compromisso com a inclus\u00e3o\u201d, destaca a organiza\u00e7\u00e3o do evento.<\/p>\n<p>*Inscri\u00e7\u00f5es abertas at\u00e9 5 de agosto*<br \/>\nAs inscri\u00e7\u00f5es para o Camarote da Acessibilidade j\u00e1 est\u00e3o abertas e v\u00e3o at\u00e9 o dia 5 de agosto, com vagas limitadas. Os interessados devem comparecer \u00e0 Secretaria de A\u00e7\u00e3o Social de Taquaritinga do Norte, das 8h \u00e0s 13h, ou entrar em contato pelo telefone (81) 99102-2049. <\/p>\n<p>*Para se inscrever, \u00e9 necess\u00e1rio apresentar:*<br \/>\nDocumentos exigidos para PCDs: RG, CPF, laudo m\u00e9dico com CID (comprovante de defici\u00eancia), t\u00edtulo de eleitor ou cart\u00e3o do Cad\u00danico e comprovante de resid\u00eancia no nome do inscrito.<br \/>\n*Acompanhantes:* Mesma documenta\u00e7\u00e3o, exceto o laudo com CID.<\/p>\n<p>*Uma conquista para a inclus\u00e3o*<br \/>\nA cria\u00e7\u00e3o do Camarote da Acessibilidade representa um marco para o Festival Caf\u00e9 Cultural e para a cidade de Taquaritinga do Norte. A iniciativa refor\u00e7a o compromisso com a elimina\u00e7\u00e3o de barreiras e a promo\u00e7\u00e3o de direitos iguais, permitindo que as PCDs participem ativamente de um dos maiores eventos culturais da regi\u00e3o.<\/p>\n<p>Para mais informa\u00e7\u00f5es, entre em contato com a Secretaria de A\u00e7\u00e3o Social ou acompanhe as novidades nas redes sociais oficiais do Festival Caf\u00e9 Cultural.<br \/>\nSeja seguidor do Instagram do Blog pelo @blogdoedvaldomagalhaes<br \/>\nFoto: Jana\u00edna Pepeu\/Seic<\/p>\n","protected":false},"excerpt":{"rendered":"<p>O 6\u00ba Festival Caf\u00e9 Cultural, um dos eventos mais aguardados do agreste pernambucano, inova em sua edi\u00e7\u00e3o de 2025 ao&hellip;<\/p>\n","protected":false},"author":1,"featured_media":121642,"comment_status":"closed","ping_status":"open","sticky":false,"template":"","format":"standard","meta":{"footnotes":""},"categories":[14120],"tags":[28803,27410,2,28801,34303],"class_list":["post-121639","post","type-post","status-publish","format-standard","has-post-thumbnail","hentry","category-noticias","tag-blog-com-mais-visualizacoes","tag-blog-de-caruaru","tag-blog-do-edvaldo-magalhaes","tag-blog-mais-acessado","tag-inscricoes-abertas-para-o-camarote-da-acessibilidade-no-6o-festival-cafe-cultural-em-taquaritinga-do-norte"],"_links":{"self":[{"href":"https:\/\/blogdoedvaldomagalhaes.com.br\/index.php\/wp-json\/wp\/v2\/posts\/121639","targetHints":{"allow":["GET"]}}],"collection":[{"href":"https:\/\/blogdoedvaldomagalhaes.com.br\/index.php\/wp-json\/wp\/v2\/posts"}],"about":[{"href":"https:\/\/blogdoedvaldomagalhaes.com.br\/index.php\/wp-json\/wp\/v2\/types\/post"}],"author":[{"embeddable":true,"href":"https:\/\/blogdoedvaldomagalhaes.com.br\/index.php\/wp-json\/wp\/v2\/users\/1"}],"replies":[{"embeddable":true,"href":"https:\/\/blogdoedvaldomagalhaes.com.br\/index.php\/wp-json\/wp\/v2\/comments?post=121639"}],"version-history":[{"count":2,"href":"https:\/\/blogdoedvaldomagalhaes.com.br\/index.php\/wp-json\/wp\/v2\/posts\/121639\/revisions"}],"predecessor-version":[{"id":121644,"href":"https:\/\/blogdoedvaldomagalhaes.com.br\/index.php\/wp-json\/wp\/v2\/posts\/121639\/revisions\/121644"}],"wp:featuredmedia":[{"embeddable":true,"href":"https:\/\/blogdoedvaldomagalhaes.com.br\/index.php\/wp-json\/wp\/v2\/media\/121642"}],"wp:attachment":[{"href":"https:\/\/blogdoedvaldomagalhaes.com.br\/index.php\/wp-json\/wp\/v2\/media?parent=121639"}],"wp:term":[{"taxonomy":"category","embeddable":true,"href":"https:\/\/blogdoedvaldomagalhaes.com.br\/index.php\/wp-json\/wp\/v2\/categories?post=121639"},{"taxonomy":"post_tag","embeddable":true,"href":"https:\/\/blogdoedvaldomagalhaes.com.br\/index.php\/wp-json\/wp\/v2\/tags?post=121639"}],"curies":[{"name":"wp","href":"https:\/\/api.w.org\/{rel}","templated":true}]}}