{"id":121634,"date":"2025-07-31T12:51:40","date_gmt":"2025-07-31T15:51:40","guid":{"rendered":"https:\/\/blogdoedvaldomagalhaes.com.br\/?p=121634"},"modified":"2025-07-31T12:59:01","modified_gmt":"2025-07-31T15:59:01","slug":"irma-kelly-patricia-participa-de-celebracoes-religiosas-em-pernambuco-e-na-paraiba","status":"publish","type":"post","link":"https:\/\/blogdoedvaldomagalhaes.com.br\/index.php\/2025\/07\/31\/irma-kelly-patricia-participa-de-celebracoes-religiosas-em-pernambuco-e-na-paraiba\/","title":{"rendered":"Irm\u00e3 Kelly Patr\u00edcia participa de celebra\u00e7\u00f5es religiosas em Pernambuco e na Para\u00edba"},"content":{"rendered":"<p>Apresenta\u00e7\u00f5es abertas ao p\u00fablico acontecem nesta sexta-feira e s\u00e1bado (1\u00b0 e 2 de agosto, em S\u00e3o Louren\u00e7o da Mata e Pitimbu, com momentos de louvor e espiritualidade<br \/>\nA mission\u00e1ria e cantora Irm\u00e3 Kelly Patr\u00edcia, do Instituto Hesed, ser\u00e1 atra\u00e7\u00e3o principal em dois eventos religiosos no Nordeste, nos dias 1 e 2 de agosto, com apoio da Comunidade Cat\u00f3lica Obra de Maria. No dia 1, ela se apresenta em S\u00e3o Louren\u00e7o da Mata (PE) durante a abertura da Festa de S\u00e3o Louren\u00e7o M\u00e1rtir. No dia seguinte, 2 de agosto, participa da celebra\u00e7\u00e3o dos 260 anos da Par\u00f3quia Nossa Senhora da Penha de Fran\u00e7a, na Orla de Pitimbu (PB). O Instituto Hesed ainda estar\u00e1 presente no Encontro de Cura e Liberta\u00e7\u00e3o, que ser\u00e1 realizado nos dias 2 e 3 de agosto, na sede do Condom\u00ednio da Obra de Maria. Ser\u00e1 um retiro fechado e a inscri\u00e7\u00e3o deve ser feita atrav\u00e9s da Bilheteria Digital.<\/p>\n<p class=\"s7\">Em S\u00e3o Louren\u00e7o da Mata, a abertura do noven\u00e1rio de S\u00e3o Louren\u00e7o M\u00e1rtir ser\u00e1 marcada por momentos de renova\u00e7\u00e3o espiritual, com expectativa de receber fi\u00e9is de diversas cidades. J\u00e1 em Pitimbu, a celebra\u00e7\u00e3o dos 260 anos da par\u00f3quia inclui missa, consagra\u00e7\u00f5es e homenagens, e contar\u00e1 com a primeira apresenta\u00e7\u00e3o de Irm\u00e3 Kelly Patr\u00edcia no litoral sul da Para\u00edba. As duas noites celebram a tradi\u00e7\u00e3o, a espiritualidade e a comunh\u00e3o entre os fi\u00e9is por meio da m\u00fasica e da ora\u00e7\u00e3o.<\/p>\n<p class=\"s7\">O fundador da Comunidade Obra de Maria, Gilberto Barbosa, destacou a import\u00e2ncia desses encontros para a miss\u00e3o evangelizadora da Igreja. \u201cEventos como esses s\u00e3o momentos privilegiados de encontro com Deus, de renova\u00e7\u00e3o da f\u00e9 e de comunh\u00e3o entre os fi\u00e9is. Para n\u00f3s da Obra de Maria, \u00e9 uma grande alegria poder contribuir com a realiza\u00e7\u00e3o dessas celebra\u00e7\u00f5es e ver tantas pessoas sendo tocadas pela gra\u00e7a de Deus\u201d, afirmou.<br \/>\nS\u00c3O LOUREN\u00c7O DA MATA &#8211; PERNAMBUCO<br \/>\nNo munic\u00edpio de S\u00e3o Louren\u00e7o da Mata, a festa em honra a S\u00e3o Louren\u00e7o M\u00e1rtir, padroeiro da cidade, tem in\u00edcio no dia 31 de julho, com a tradicional Prociss\u00e3o da Bandeira. No dia 1\u00ba de agosto, \u00e0s 19h, ser\u00e1 celebrada a missa de abertura do noven\u00e1rio, presidida por Dom Paulo Jackson, arcebispo de Olinda e Recife. A celebra\u00e7\u00e3o ser\u00e1 realizada no P\u00e1tio de Eventos, onde em seguida acontece o show com Irm\u00e3 Kelly Patr\u00edcia, com transmiss\u00e3o ao vivo da R\u00e1dio Olinda.<\/p>\n<p class=\"s7\">\u201cO objetivo principal \u00e9 celebrar o Padroeiro e deixar-se iluminar pelo seu testemunho de f\u00e9. Os Santos, que perpetuamos a mem\u00f3ria atrav\u00e9s da imagem e da vida, s\u00e3o para n\u00f3s o Evangelho vivo. O que lemos na B\u00edblia, podemos ler no testemunho de vida de um Santo e isso nos fortalece cada vez mais na f\u00e9, porque a Palavra deixa de ser teoria e se torna atitude concreta acess\u00edvel.\u201d, afirma o padre Deonilson Nogueira, respons\u00e1vel pela par\u00f3quia. Segundo ele, a expectativa da comunidade em rela\u00e7\u00e3o \u00e0 presen\u00e7a da cantora \u00e9 grande. \u201cMuitas pessoas alimentam-se e fortalecem-se espiritualmente rezando, ouvindo as m\u00fasicas, as reflex\u00f5es da Palavra e prega\u00e7\u00f5es de Irm\u00e3 Kelly Patr\u00edcia. Com o passar do tempo cria-se uma comunh\u00e3o espiritual, cresce a admira\u00e7\u00e3o e afeto. \u00c9 natural que queremos estar com as pessoas que amamos\u201d, explicou. O evento \u00e9 aberto ao p\u00fablico e est\u00e1 sendo preparado para receber caravanas de outras cidades. \u201cN\u00e3o temos estimativa de participa\u00e7\u00e3o, mas esperamos receber caravanas de outras Par\u00f3quias da Arquidiocese e mais al\u00e9m\u201d, disse o padre. Ele conclui com um convite: \u201cA Obra de Maria e a Prefeitura Municipal de S\u00e3o Louren\u00e7o da Mata est\u00e3o nos proporcionando este grande presente, a presen\u00e7a da querida Irm\u00e3 Kelly Patr\u00edcia na abertura da Festa do Glorioso S\u00e3o Louren\u00e7o M\u00e1rtir. Organizem suas caravanas e venham rezar, cantar e se renovar na f\u00e9, esperan\u00e7a e caridade, com Irm\u00e3 Kelly Patr\u00edcia. Quem puder, traga 1 kg de alimento n\u00e3o perec\u00edvel!\u201d, refor\u00e7ou.<br \/>\nPITIMBU &#8211; PARA\u00cdBA<br \/>\nNo dia seguinte, 2 de agosto, Irm\u00e3 Kelly se apresenta na cidade de Pitimbu (PB), na celebra\u00e7\u00e3o dos 260 anos da Par\u00f3quia Nossa Senhora da Penha de Fran\u00e7a. O evento, tamb\u00e9m gratuito, ser\u00e1 realizado na orla da cidade, a partir das 16h30, com participa\u00e7\u00e3o de Dom Alcivan Tadeus, bispo auxiliar da Arquidiocese da Para\u00edba, padre Wellington Silva e o mission\u00e1rio e comunicador Ivanildo Silva.<br \/>\n\u201c O jubileu biblicamente \u00e9 sempre um ano santo, de b\u00ean\u00e7\u00e3os e muita celebra\u00e7\u00e3o. Para n\u00f3s, esse ano \u00e9 oportuno para formar novas gera\u00e7\u00f5es, marcar os cora\u00e7\u00f5es e encher o nosso cora\u00e7\u00e3o de f\u00e9, renovar o amor a Nossa Senhora da Penha de Fran\u00e7a, nossa excelsa padroeira\u201d, afirma o padre Wellington Silva, administrador paroquial. Segundo ele, a prepara\u00e7\u00e3o para o evento come\u00e7ou h\u00e1 mais de um ano. \u201cEm 2024, ganhamos do nosso bispo, o decreto que estabelece o dia oficial de Nossa Senhora da Penha de Fran\u00e7a, para ser celebrado para perp\u00e9tua mem\u00f3ria o dia 02 de fevereiro, iniciando em 02\/02\/2025. E dentro do projeto, apresentei ao nosso bispo a celebra\u00e7\u00e3o do jubileu. Eu sempre digo aos meus filhos e amigos: \u2018sonhar pequeno e sonhar grande, d\u00e1 o mesmo trabalho\u2019\u201d. Al\u00e9m do show da Irm\u00e3 Kelly, a programa\u00e7\u00e3o inclui Santa Missa celebrada por Dom Alcivan Tadeus, momentos de louvor, ora\u00e7\u00e3o, consagra\u00e7\u00e3o da cidade e da par\u00f3quia ao Imaculado Cora\u00e7\u00e3o de Maria, e tamb\u00e9m uma homenagem com 260 crian\u00e7as vestidas de anjos ofertando 260 rosas \u00e0 Virgem Maria. A expectativa de p\u00fablico varia entre 5 mil e 7 mil pessoas, de diversas par\u00f3quias de Pernambuco e da Para\u00edba.<br \/>\n&#8220;Ser\u00e1 a primeira vez que a Irm\u00e3 Kelly Patr\u00edcia estar\u00e1 ministrando a suas m\u00fasicas no litoral sul da Para\u00edba. (&#8230;) Estamos muito felizes. Muitos ainda n\u00e3o acreditam que isso est\u00e1 acontecendo. Para muitos fi\u00e9is ser\u00e1 a realiza\u00e7\u00e3o de um sonho, pois acompanham o minist\u00e9rio da Irm\u00e3 Kelly h\u00e1 anos. Deus sempre excede as nossas expectativas\u201d, conclui o padre.Por fim, padre Wellington deixou seu convite a todos da regi\u00e3o que queiram participar. \u201cA f\u00e9 do povo nordestino em Maria \u00e9 um ref\u00fagio, for\u00e7a em meio a uma vida dura e sofrida. Esse evento marcar\u00e1 profundamente a sua vida! Meu irm\u00e3o e minha irm\u00e3, voc\u00ea n\u00e3o vai se arrepender, Deus quer falar contigo, tocar na sua vida, na sua hist\u00f3ria\u201d. As duas programa\u00e7\u00f5es t\u00eam apoio da Comunidade Cat\u00f3lica Obra de Maria, reconhecida pela atua\u00e7\u00e3o evangelizadora em 62 pa\u00edses e por promover grandes eventos voltados \u00e0 f\u00e9 e \u00e0 miss\u00e3o da Igreja.<br \/>\nSEDE DA OBRA DE MARIA &#8211; S\u00c3O LOUREN\u00c7O DA MATA (PE)<br \/>\nO Encontro de Cura e Liberta\u00e7\u00e3o com o Instituto Hesed ser\u00e1 realizado nos dias 2 e 3 de agosto, na sede da Comunidade Obra de Maria, em S\u00e3o Louren\u00e7o da Mata (PE). Ser\u00e1 um retiro fechado e a inscri\u00e7\u00e3o deve ser feita atrav\u00e9s do site da Bilheteria Digital. A programa\u00e7\u00e3o foi disponibilizada nas redes sociais da comunidade e inclui momentos de ora\u00e7\u00e3o, prega\u00e7\u00e3o, anima\u00e7\u00e3o, Santa Missa e adora\u00e7\u00e3o, com a participa\u00e7\u00e3o de irm\u00e3s do Instituto Hesed, padres convidados e membros da comunidade, como Maria Salom\u00e9, a cofundadora da Obra de Maria, e Ivanildo Silva, mission\u00e1rio e comunicador.No s\u00e1bado, dia 2, as atividades come\u00e7am \u00e0s 8h30 e seguem at\u00e9 o fim da tarde, com destaque para as prega\u00e7\u00f5es da Irm\u00e3 Maria Raquel e a celebra\u00e7\u00e3o da Santa Missa com o padre Samuel. No domingo, dia 3, o encontro continua com prega\u00e7\u00e3o do Padre T\u00e1rcio, adora\u00e7\u00e3o e Missa celebrada pelo padre Max, encerrando o evento.<br \/>\nSiga o Instagram do Blog pelo @blogdoedvaldomagalhaes<br \/>\nFoto: Divulga\u00e7\u00e3o<\/p>\n","protected":false},"excerpt":{"rendered":"<p>Apresenta\u00e7\u00f5es abertas ao p\u00fablico acontecem nesta sexta-feira e s\u00e1bado (1\u00b0 e 2 de agosto, em S\u00e3o Louren\u00e7o da Mata e&hellip;<\/p>\n","protected":false},"author":1,"featured_media":121637,"comment_status":"closed","ping_status":"open","sticky":false,"template":"","format":"standard","meta":{"footnotes":""},"categories":[14120],"tags":[29440,27410,2,28801,34302],"class_list":["post-121634","post","type-post","status-publish","format-standard","has-post-thumbnail","hentry","category-noticias","tag-blog-com-mais-visualizacao","tag-blog-de-caruaru","tag-blog-do-edvaldo-magalhaes","tag-blog-mais-acessado","tag-irma-kelly-patricia"],"_links":{"self":[{"href":"https:\/\/blogdoedvaldomagalhaes.com.br\/index.php\/wp-json\/wp\/v2\/posts\/121634","targetHints":{"allow":["GET"]}}],"collection":[{"href":"https:\/\/blogdoedvaldomagalhaes.com.br\/index.php\/wp-json\/wp\/v2\/posts"}],"about":[{"href":"https:\/\/blogdoedvaldomagalhaes.com.br\/index.php\/wp-json\/wp\/v2\/types\/post"}],"author":[{"embeddable":true,"href":"https:\/\/blogdoedvaldomagalhaes.com.br\/index.php\/wp-json\/wp\/v2\/users\/1"}],"replies":[{"embeddable":true,"href":"https:\/\/blogdoedvaldomagalhaes.com.br\/index.php\/wp-json\/wp\/v2\/comments?post=121634"}],"version-history":[{"count":2,"href":"https:\/\/blogdoedvaldomagalhaes.com.br\/index.php\/wp-json\/wp\/v2\/posts\/121634\/revisions"}],"predecessor-version":[{"id":121638,"href":"https:\/\/blogdoedvaldomagalhaes.com.br\/index.php\/wp-json\/wp\/v2\/posts\/121634\/revisions\/121638"}],"wp:featuredmedia":[{"embeddable":true,"href":"https:\/\/blogdoedvaldomagalhaes.com.br\/index.php\/wp-json\/wp\/v2\/media\/121637"}],"wp:attachment":[{"href":"https:\/\/blogdoedvaldomagalhaes.com.br\/index.php\/wp-json\/wp\/v2\/media?parent=121634"}],"wp:term":[{"taxonomy":"category","embeddable":true,"href":"https:\/\/blogdoedvaldomagalhaes.com.br\/index.php\/wp-json\/wp\/v2\/categories?post=121634"},{"taxonomy":"post_tag","embeddable":true,"href":"https:\/\/blogdoedvaldomagalhaes.com.br\/index.php\/wp-json\/wp\/v2\/tags?post=121634"}],"curies":[{"name":"wp","href":"https:\/\/api.w.org\/{rel}","templated":true}]}}