{"id":121631,"date":"2025-07-31T09:37:36","date_gmt":"2025-07-31T12:37:36","guid":{"rendered":"https:\/\/blogdoedvaldomagalhaes.com.br\/?p=121631"},"modified":"2025-07-31T09:37:36","modified_gmt":"2025-07-31T12:37:36","slug":"vereador-cabo-cardoso-tem-importante-reuniao-com-diretor-da-compesa-em-busca-de-melhorias-no-saneamento-de-caruaru","status":"publish","type":"post","link":"https:\/\/blogdoedvaldomagalhaes.com.br\/index.php\/2025\/07\/31\/vereador-cabo-cardoso-tem-importante-reuniao-com-diretor-da-compesa-em-busca-de-melhorias-no-saneamento-de-caruaru\/","title":{"rendered":"Vereador Cabo Cardoso tem importante reuni\u00e3o com diretor da Compesa em busca de melhorias no saneamento de Caruaru"},"content":{"rendered":"<p>O vereador Cabo Cardoso participou ontem de uma importante reuni\u00e3o com Ant\u00f4nio Freire, diretor da Compesa, para discutir a\u00e7\u00f5es de saneamento b\u00e1sico nos loteamentos Parque da Cidade, Amilson Afonso e na \u00e1rea da Lagoa do Algod\u00e3o.<br \/>\n\u2800<br \/>\nDurante o encontro, foram apresentadas as demandas da popula\u00e7\u00e3o e discutidas solu\u00e7\u00f5es para garantir dignidade e qualidade de vida \u00e0s fam\u00edlias desses locais.<br \/>\n\u2800<br \/>\nO vereador segue atuando com firmeza, dialogando tanto com o Estado quanto com a Prefeitura de Caruaru, para que as obras saiam do papel e atendam \u00e0s reais necessidades da popula\u00e7\u00e3o.<br \/>\n\u2800<br \/>\n&#8220;Nosso mandato \u00e9 de luta e de resultados concretos, que fazem a diferen\u00e7a no dia a dia das pessoas. Seguiremos construindo, dialogando e acompanhando de perto cada avan\u00e7o, para que o saneamento seja uma realidade nessas regi\u00f5es&#8221;, destacou Cabo Cardoso.<br \/>\nSeja seguidor do Instagram do Blog pelo @blogdoedvaldomagalhaes.<br \/>\nFoto: Divulga\u00e7\u00e3o<br \/>\n\u2800<\/p>\n","protected":false},"excerpt":{"rendered":"<p>O vereador Cabo Cardoso participou ontem de uma importante reuni\u00e3o com Ant\u00f4nio Freire, diretor da Compesa, para discutir a\u00e7\u00f5es de&hellip;<\/p>\n","protected":false},"author":1,"featured_media":121632,"comment_status":"closed","ping_status":"open","sticky":false,"template":"","format":"standard","meta":{"footnotes":""},"categories":[14122],"tags":[28803,27410,2,28801,20],"class_list":["post-121631","post","type-post","status-publish","format-standard","has-post-thumbnail","hentry","category-politica","tag-blog-com-mais-visualizacoes","tag-blog-de-caruaru","tag-blog-do-edvaldo-magalhaes","tag-blog-mais-acessado","tag-politica"],"_links":{"self":[{"href":"https:\/\/blogdoedvaldomagalhaes.com.br\/index.php\/wp-json\/wp\/v2\/posts\/121631","targetHints":{"allow":["GET"]}}],"collection":[{"href":"https:\/\/blogdoedvaldomagalhaes.com.br\/index.php\/wp-json\/wp\/v2\/posts"}],"about":[{"href":"https:\/\/blogdoedvaldomagalhaes.com.br\/index.php\/wp-json\/wp\/v2\/types\/post"}],"author":[{"embeddable":true,"href":"https:\/\/blogdoedvaldomagalhaes.com.br\/index.php\/wp-json\/wp\/v2\/users\/1"}],"replies":[{"embeddable":true,"href":"https:\/\/blogdoedvaldomagalhaes.com.br\/index.php\/wp-json\/wp\/v2\/comments?post=121631"}],"version-history":[{"count":1,"href":"https:\/\/blogdoedvaldomagalhaes.com.br\/index.php\/wp-json\/wp\/v2\/posts\/121631\/revisions"}],"predecessor-version":[{"id":121633,"href":"https:\/\/blogdoedvaldomagalhaes.com.br\/index.php\/wp-json\/wp\/v2\/posts\/121631\/revisions\/121633"}],"wp:featuredmedia":[{"embeddable":true,"href":"https:\/\/blogdoedvaldomagalhaes.com.br\/index.php\/wp-json\/wp\/v2\/media\/121632"}],"wp:attachment":[{"href":"https:\/\/blogdoedvaldomagalhaes.com.br\/index.php\/wp-json\/wp\/v2\/media?parent=121631"}],"wp:term":[{"taxonomy":"category","embeddable":true,"href":"https:\/\/blogdoedvaldomagalhaes.com.br\/index.php\/wp-json\/wp\/v2\/categories?post=121631"},{"taxonomy":"post_tag","embeddable":true,"href":"https:\/\/blogdoedvaldomagalhaes.com.br\/index.php\/wp-json\/wp\/v2\/tags?post=121631"}],"curies":[{"name":"wp","href":"https:\/\/api.w.org\/{rel}","templated":true}]}}