{"id":121628,"date":"2025-07-30T17:15:53","date_gmt":"2025-07-30T20:15:53","guid":{"rendered":"https:\/\/blogdoedvaldomagalhaes.com.br\/?p=121628"},"modified":"2025-07-30T17:15:53","modified_gmt":"2025-07-30T20:15:53","slug":"professor-do-gge-da-dicas-de-como-estudantes-podem-aproveitar-o-fim-das-ferias-escolares-em-caruaru","status":"publish","type":"post","link":"https:\/\/blogdoedvaldomagalhaes.com.br\/index.php\/2025\/07\/30\/professor-do-gge-da-dicas-de-como-estudantes-podem-aproveitar-o-fim-das-ferias-escolares-em-caruaru\/","title":{"rendered":"Professor do GGE d\u00e1 dicas de como estudantes podem aproveitar o fim das f\u00e9rias escolares em Caruaru"},"content":{"rendered":"<p>_Roteiro de passeios permite estimular a criatividade e colocar em pr\u00e1tica aprendizados adquiridos em sala de aula_<\/p>\n<p>No per\u00edodo do recesso escolar, \u00e9 comum que os estudantes passem mais tempo conectados \u00e0s telas de computadores e celulares, o que pode prejudicar o aproveitamento do tempo e representar um desafio para os pais. Embora o momento seja de descanso, propor atividades que tornem a rotina de crian\u00e7as e adolescentes mais din\u00e2mica \u00e9 essencial, seja por meio de experi\u00eancias criativas em casa ou de passeios por espa\u00e7os hist\u00f3ricos e culturais da cidade.<\/p>\n<p>O professor de hist\u00f3ria do Col\u00e9gio GGE de Caruaru, Jo\u00e3o Pedro Holanda, explica que as f\u00e9rias podem ser uma oportunidade para estimular novos aprendizados de forma l\u00fadica e divertida. \u201c\u00c9 importante criar roteiros para que os alunos explorem a geografia e a hist\u00f3ria de um lugar e entrem em contato com a arte, a m\u00fasica, a literatura e a poesia popular nordestina. Visitar um museu, reunir a fam\u00edlia para ler um livreto de cordel ou ver um bom filme, por exemplo, pode incentivar o di\u00e1logo e a curiosidade, enriquecendo a bagagem cultural e desenvolvendo as capacidades cognitivas\u201d, ressalta.<\/p>\n<p>Para aproveitar os \u00faltimos dias do recesso em Caruaru, pais e filhos contam com v\u00e1rias op\u00e7\u00f5es de destinos culturais. A tradicional Feira de Caruaru, localizada no Parque 18 de Maio, \u00e9 uma alternativa que vai al\u00e9m das compras, reunindo elementos importantes da cultura local, como artesanato e comidas t\u00edpicas. J\u00e1 no Alto do Moura, considerado o maior centro de artes figurativas do Brasil, as fam\u00edlias podem visitar a Casa Museu do Mestre Vitalino e acompanhar de perto a arte do barro nos ateli\u00eas de artes\u00e3os e mestres.<\/p>\n<p>O professor tamb\u00e9m recomenda visitar o Espa\u00e7o Cultural Tancredo Neves, que abriga o Museu do Forr\u00f3 e o Museu F\u00e1brica Caro\u00e1, ambos com acervos relevantes para a hist\u00f3ria do munic\u00edpio. \u201cO local \u00e9 importante para entender a forma\u00e7\u00e3o da identidade caruaruense e pernambucana. A sala do Centen\u00e1rio de Luiz Gonzaga, a sala dos Festejos Juninos e o espa\u00e7o dedicado a Elba Ramalho s\u00e3o algumas das exposi\u00e7\u00f5es abertas \u00e0 visita\u00e7\u00e3o\u201d, afirma.<\/p>\n<p>Todos os destinos t\u00eam entrada gratuita. A Feira de Caruaru e o bairro Alto do Moura podem ser visitados em qualquer hor\u00e1rio, durante todos os dias da semana. A Casa Museu Mestre Vitalino funciona de segunda a domingo, das 8h \u00e0s 17h. J\u00e1 o Museu do Forr\u00f3 e o Museu F\u00e1brica Caro\u00e1, no Espa\u00e7o Cultural Tancredo Neves, localizado no bairro Nossa Senhora das Dores, recebem visitantes de segunda a sexta-feira, das 8h \u00e0s 17h, e aos s\u00e1bados, das 8h \u00e0s 13h.<br \/>\nSiga o Instagram do Blog e comente<br \/>\nFoto: Divulga\u00e7\u00e3o <\/p>\n","protected":false},"excerpt":{"rendered":"<p>_Roteiro de passeios permite estimular a criatividade e colocar em pr\u00e1tica aprendizados adquiridos em sala de aula_ No per\u00edodo do&hellip;<\/p>\n","protected":false},"author":1,"featured_media":121629,"comment_status":"closed","ping_status":"open","sticky":false,"template":"","format":"standard","meta":{"footnotes":""},"categories":[14120],"tags":[29440,27410,2,28801,34301,34300],"class_list":["post-121628","post","type-post","status-publish","format-standard","has-post-thumbnail","hentry","category-noticias","tag-blog-com-mais-visualizacao","tag-blog-de-caruaru","tag-blog-do-edvaldo-magalhaes","tag-blog-mais-acessado","tag-colegio-gge","tag-professor-do-gge-da-dicas-de-como-estudantes-podem-aproveitar-o-fim-das-ferias-escolares-em-caruaru"],"_links":{"self":[{"href":"https:\/\/blogdoedvaldomagalhaes.com.br\/index.php\/wp-json\/wp\/v2\/posts\/121628","targetHints":{"allow":["GET"]}}],"collection":[{"href":"https:\/\/blogdoedvaldomagalhaes.com.br\/index.php\/wp-json\/wp\/v2\/posts"}],"about":[{"href":"https:\/\/blogdoedvaldomagalhaes.com.br\/index.php\/wp-json\/wp\/v2\/types\/post"}],"author":[{"embeddable":true,"href":"https:\/\/blogdoedvaldomagalhaes.com.br\/index.php\/wp-json\/wp\/v2\/users\/1"}],"replies":[{"embeddable":true,"href":"https:\/\/blogdoedvaldomagalhaes.com.br\/index.php\/wp-json\/wp\/v2\/comments?post=121628"}],"version-history":[{"count":1,"href":"https:\/\/blogdoedvaldomagalhaes.com.br\/index.php\/wp-json\/wp\/v2\/posts\/121628\/revisions"}],"predecessor-version":[{"id":121630,"href":"https:\/\/blogdoedvaldomagalhaes.com.br\/index.php\/wp-json\/wp\/v2\/posts\/121628\/revisions\/121630"}],"wp:featuredmedia":[{"embeddable":true,"href":"https:\/\/blogdoedvaldomagalhaes.com.br\/index.php\/wp-json\/wp\/v2\/media\/121629"}],"wp:attachment":[{"href":"https:\/\/blogdoedvaldomagalhaes.com.br\/index.php\/wp-json\/wp\/v2\/media?parent=121628"}],"wp:term":[{"taxonomy":"category","embeddable":true,"href":"https:\/\/blogdoedvaldomagalhaes.com.br\/index.php\/wp-json\/wp\/v2\/categories?post=121628"},{"taxonomy":"post_tag","embeddable":true,"href":"https:\/\/blogdoedvaldomagalhaes.com.br\/index.php\/wp-json\/wp\/v2\/tags?post=121628"}],"curies":[{"name":"wp","href":"https:\/\/api.w.org\/{rel}","templated":true}]}}