{"id":1216,"date":"2018-09-25T19:31:00","date_gmt":"2018-09-25T22:31:00","guid":{"rendered":"http:\/\/blogdoedvaldomagalhaes.com.br\/index.php\/2018\/09\/25\/balanco-do-dia-d-de-vacinacao\/"},"modified":"2019-02-09T02:32:23","modified_gmt":"2019-02-09T04:32:23","slug":"balanco-do-dia-d-de-vacinacao","status":"publish","type":"post","link":"https:\/\/blogdoedvaldomagalhaes.com.br\/index.php\/2018\/09\/25\/balanco-do-dia-d-de-vacinacao\/","title":{"rendered":"Balan\u00e7o do Dia D de vacina\u00e7\u00e3o antirr\u00e1bica animal e confira onde tem vacina\u00e7\u00e3o nesta semana em Caruaru"},"content":{"rendered":"<div class=\"separator\" style=\"clear: both; text-align: center;\">\n<a href=\"https:\/\/4.bp.blogspot.com\/-2Zvd3L838oE\/W6qM3fWbXoI\/AAAAAAAA6ok\/dwq52Ml9p8MuUVYYJaETdal8lZARnOGgwCLcBGAs\/s1600\/gato.jpg\" imageanchor=\"1\" style=\"margin-left: 1em; margin-right: 1em;\"><img loading=\"lazy\" decoding=\"async\" border=\"0\" data-original-height=\"440\" data-original-width=\"660\" height=\"426\" src=\"http:\/\/blogdoedvaldomagalhaes.com.br\/wp-content\/uploads\/2018\/09\/gato.jpg\" width=\"640\" \/><\/a><\/div>\n<div style=\"text-align: justify;\">\n<\/div>\n<div style=\"text-align: justify;\">\nA Unidade de Controle de Zoonoses, pertencente a Secretaria de Sa\u00fade de Caruaru, divulgou no fim da tarde desta segunda-feira (24), o balan\u00e7o de animais vacinados no munic\u00edpio no Dia D de vacina\u00e7\u00e3o antirr\u00e1bica animal realizado no \u00faltimo s\u00e1bado (22).<\/div>\n<div style=\"text-align: justify;\">\n<\/div>\n<div style=\"text-align: justify;\">\nOs 49 pontos de vacina\u00e7\u00e3o aplicaram 32.250 vacinas, sendo: 21.618 c\u00e3es e 10.632 gatos. Somando os dados da pr\u00e9-campanha na zona rural de Caruaru, de 04 a 21 de setembro, temos mais 3.906 animais (2.738 c\u00e3es e 1.168 gatos). Logo, at\u00e9 o momento, foram vacinados 36.156 animais, o que corresponde a 80,94% da meta geral de animais a serem vacinados em 2018.<\/div>\n<div style=\"text-align: justify;\">\n<\/div>\n<div style=\"text-align: justify;\">\nA partir desta ter\u00e7a-feira (25) a p\u00f3s-campanha de vacina\u00e7\u00e3o tem in\u00edcio na Zona Rural de Caruaru, nas localidades de Vila Cana\u00e3 e Vila Fernando Lira e . Para as pessoas que n\u00e3o puderam vacinar seus animais no Dia D, na zona urbana do munic\u00edpio, uma equipe ser\u00e1 disponibilizada para atender os animais no estacionamento da Secretaria de Sa\u00fade (localizado por tr\u00e1s do pr\u00e9dio principal da Avenida Le\u00e3o Dourado).<\/div>\n<div style=\"text-align: justify;\">\n<\/div>\n<div style=\"text-align: justify;\">\nA raiva \u00e9 uma doen\u00e7a viral e infecciosa, transmiss\u00edvel de animal para animal e de animal para o homem, por meio da saliva. A transmiss\u00e3o da raiva se d\u00e1 pela penetra\u00e7\u00e3o do v\u00edrus contido na saliva do animal infectado, principalmente pela mordedura, arranhadura e lambedura de mucosas. A vacina\u00e7\u00e3o \u00e9 gratuita e protege os animais contra a doen\u00e7a, que \u00e9 fatal.<\/div>\n<div style=\"text-align: justify;\">\n<\/div>\n<div style=\"text-align: justify;\">\nConfira as localidades beneficiadas com a p\u00f3s-campanha da vacina\u00e7\u00e3o antirr\u00e1bica na zona rural:<\/div>\n<div style=\"text-align: justify;\">\n<\/div>\n<div style=\"text-align: justify;\">\n25\/09\/2018 (ter\u00e7a-feira)<\/div>\n<div style=\"text-align: justify;\">\nVila Cana\u00e3<\/div>\n<div style=\"text-align: justify;\">\nVila Fernando Lira<\/div>\n<div style=\"text-align: justify;\">\n<\/div>\n<div style=\"text-align: justify;\">\n26\/09\/2018 (quarta-feira)<\/div>\n<div style=\"text-align: justify;\">\nVila Do Ju\u00e1<\/div>\n<div style=\"text-align: justify;\">\nPovoado de Palmat\u00f3ria I E II<\/div>\n<div style=\"text-align: justify;\">\n<\/div>\n<div style=\"text-align: justify;\">\n27\/09\/2018 (quinta-feira)<\/div>\n<div style=\"text-align: justify;\">\nS\u00edtio Taquara de Baixo<\/div>\n<div style=\"text-align: justify;\">\nS\u00edtio Taquara de Cima<\/div>\n<div style=\"text-align: justify;\">\nVila Nossa Senhora das Gra\u00e7as<\/div>\n<div style=\"text-align: justify;\">\n<\/div>\n<div style=\"text-align: justify;\">\n28\/09\/18 (sexta-feira)<\/div>\n<div style=\"text-align: justify;\">\nSitio Campos<\/div>\n<div style=\"text-align: justify;\">\nS\u00edtio Mata Negro<\/div>\n<div style=\"text-align: justify;\">\n<\/div>\n<div style=\"text-align: justify;\">\n01\/10\/2018 (segunda-feira)<\/div>\n<div style=\"text-align: justify;\">\nS\u00edtio Xique Xique<\/div>\n<div style=\"text-align: justify;\">\nS\u00edtio Cajazeiras<\/div>\n<div style=\"text-align: justify;\">\nS\u00edtio Lagoa de Pedra<\/div>\n<div style=\"text-align: justify;\">\n<\/div>\n<div style=\"text-align: justify;\">\n02\/10\/2018 (ter\u00e7a-feira)<\/div>\n<div style=\"text-align: justify;\">\nPovoado Serrote dos Bois<\/div>\n<div style=\"text-align: justify;\">\nS\u00edtio Marimbondo<\/div>\n<div style=\"text-align: justify;\">\nS\u00edtio Macaco<\/div>\n<div style=\"text-align: justify;\">\nS\u00edtio Japecanga<\/div>\n<div style=\"text-align: justify;\">\n<\/div>\n<div style=\"text-align: justify;\">\n03\/10\/2018 (quarta-feira)<\/div>\n<div style=\"text-align: justify;\">\nS\u00edtio Caldeir\u00e3o<\/div>\n<div style=\"text-align: justify;\">\nS\u00edtio Reinado<\/div>\n<div style=\"text-align: justify;\">\nS\u00edtio Serra do Medo<\/div>\n<div style=\"text-align: justify;\">\n<\/div>\n<div style=\"text-align: justify;\">\n04\/10\/2018 (quinta-feira)<\/div>\n<div style=\"text-align: justify;\">\nS\u00edtio Caldas<\/div>\n<div style=\"text-align: justify;\">\nS\u00edtio Santa Maria<\/div>\n<div style=\"text-align: justify;\">\n<\/div>\n<div style=\"text-align: justify;\">\n05\/10\/2018 (sexta-feira)<\/div>\n<div style=\"text-align: justify;\">\nS\u00edtio Olho D\u2019\u00e1gua da Cana<\/div>\n<div style=\"text-align: justify;\">\nS\u00edtio Brejinho<\/div>\n<div style=\"text-align: justify;\">\nS\u00edtio Brejo da Palmeira<\/div>\n<div style=\"text-align: justify;\">\nS\u00edtio Brejo da Mulata<\/div>\n<div style=\"text-align: justify;\">\n<\/div>\n<div style=\"text-align: justify;\">\n08\/10\/2018 (segunda-feira)<\/div>\n<div style=\"text-align: justify;\">\nS\u00edtio Pitombeira de Terra Vermelha<\/div>\n<div style=\"text-align: justify;\">\nS\u00edtio Goiabeira<\/div>\n<div style=\"text-align: justify;\">\nS\u00edtio Estivas<\/div>\n<div style=\"text-align: justify;\">\nS\u00edtio Baixio de Goiabeira<\/div>\n<div style=\"text-align: justify;\">\n<\/div>\n<div style=\"text-align: justify;\">\n09\/10\/2018 (ter\u00e7a-feira)<\/div>\n<div style=\"text-align: justify;\">\nS\u00edtio Tabocas<\/div>\n<div style=\"text-align: justify;\">\nS\u00edtio Pitombeira<\/div>\n<div style=\"text-align: justify;\">\nS\u00edtio Bilhar<\/div>\n<div style=\"text-align: justify;\">\n<\/div>\n<div style=\"text-align: justify;\">\n10\/10\/18 (quarta-feira)<\/div>\n<div style=\"text-align: justify;\">\nPovoado de Lajedo do Cedro<\/div>\n<div style=\"text-align: justify;\">\nS\u00edtio Cacimbinha<\/div>\n<div style=\"text-align: justify;\">\nS\u00edtio Cacimbinha Cercada<\/div>\n<div style=\"text-align: justify;\">\nS\u00edtio Lajedo Preto<\/div>\n<div style=\"text-align: justify;\">\n<\/div>\n<div style=\"text-align: justify;\">\n11\/10\/18 (quinta-feira)<\/div>\n<div style=\"text-align: justify;\">\nS\u00edtio Riacho do Viado<\/div>\n<div style=\"text-align: justify;\">\nS\u00edtio Serra Verde<\/div>\n<div style=\"text-align: justify;\">\n<\/div>\n","protected":false},"excerpt":{"rendered":"<p>A Unidade de Controle de Zoonoses, pertencente a Secretaria de Sa\u00fade de Caruaru, divulgou no fim da tarde desta segunda-feira&hellip;<\/p>\n","protected":false},"author":1,"featured_media":0,"comment_status":"open","ping_status":"open","sticky":false,"template":"","format":"standard","meta":{"footnotes":""},"categories":[1],"tags":[1174,2,6],"class_list":["post-1216","post","type-post","status-publish","format-standard","hentry","category-sem-categoria","tag-balanco-do-dia-d-de-vacinacao-antirrabica-animal-e-confira-onde-tem-vacinacao-nesta-semana-em-caruaru","tag-blog-do-edvaldo-magalhaes","tag-noticias"],"_links":{"self":[{"href":"https:\/\/blogdoedvaldomagalhaes.com.br\/index.php\/wp-json\/wp\/v2\/posts\/1216","targetHints":{"allow":["GET"]}}],"collection":[{"href":"https:\/\/blogdoedvaldomagalhaes.com.br\/index.php\/wp-json\/wp\/v2\/posts"}],"about":[{"href":"https:\/\/blogdoedvaldomagalhaes.com.br\/index.php\/wp-json\/wp\/v2\/types\/post"}],"author":[{"embeddable":true,"href":"https:\/\/blogdoedvaldomagalhaes.com.br\/index.php\/wp-json\/wp\/v2\/users\/1"}],"replies":[{"embeddable":true,"href":"https:\/\/blogdoedvaldomagalhaes.com.br\/index.php\/wp-json\/wp\/v2\/comments?post=1216"}],"version-history":[{"count":1,"href":"https:\/\/blogdoedvaldomagalhaes.com.br\/index.php\/wp-json\/wp\/v2\/posts\/1216\/revisions"}],"predecessor-version":[{"id":34352,"href":"https:\/\/blogdoedvaldomagalhaes.com.br\/index.php\/wp-json\/wp\/v2\/posts\/1216\/revisions\/34352"}],"wp:attachment":[{"href":"https:\/\/blogdoedvaldomagalhaes.com.br\/index.php\/wp-json\/wp\/v2\/media?parent=1216"}],"wp:term":[{"taxonomy":"category","embeddable":true,"href":"https:\/\/blogdoedvaldomagalhaes.com.br\/index.php\/wp-json\/wp\/v2\/categories?post=1216"},{"taxonomy":"post_tag","embeddable":true,"href":"https:\/\/blogdoedvaldomagalhaes.com.br\/index.php\/wp-json\/wp\/v2\/tags?post=1216"}],"curies":[{"name":"wp","href":"https:\/\/api.w.org\/{rel}","templated":true}]}}