{"id":121543,"date":"2025-07-27T22:44:36","date_gmt":"2025-07-28T01:44:36","guid":{"rendered":"https:\/\/blogdoedvaldomagalhaes.com.br\/?p=121543"},"modified":"2025-07-27T22:51:55","modified_gmt":"2025-07-28T01:51:55","slug":"confira-a-programacao-do-22-motofest-de-bezerros-2025","status":"publish","type":"post","link":"https:\/\/blogdoedvaldomagalhaes.com.br\/index.php\/2025\/07\/27\/confira-a-programacao-do-22-motofest-de-bezerros-2025\/","title":{"rendered":"Confira a programa\u00e7\u00e3o do 22\u00b0 MotoFest de Bezerros 2025"},"content":{"rendered":"<p>O 22\u00b0 Moto Fest de Bezerros ser\u00e1 realizado da quinta-feira (31.07) at\u00e9 o domingo (03.08), na rua da Matriz.<\/p>\n<p>O encontro vai reunir motociclistas da cidade e de outras regi\u00f5es do pa\u00eds. A programa\u00e7\u00e3o vai contar com presenta\u00e7\u00f5es locais e regionais, al\u00e9m de passeios por pontos tur\u00edsticos do munic\u00edpio. Confira:<br \/>\nQuinta feira (31\/07)<br \/>\n20h &#8211; Show de Manobras Equipe 081<br \/>\n21h &#8211;  Cross Burg (Cl\u00e1ssicos 60, 70 &#038; 80) <\/p>\n<p>Sexta feira (01\/08)<br \/>\n08h &#8211; Recep\u00e7\u00e3o aos motociclistas<br \/>\n10h &#8211; Som Mec\u00e2nico\/ DJ<br \/>\n19h30 &#8211; Missa do Motociclista (Igreja Matriz)<br \/>\n20h30 &#8211; Vintage Boys (Rock a Billy)<br \/>\n23h &#8211; Mamelucos (Rock Nacional)<\/p>\n<p>S\u00e1bado (02\/08)<br \/>\n08h &#8211; Recep\u00e7\u00e3o aos Motociclistas<br \/>\n10h &#8211; Som Mec\u00e2nico\/ DJ<br \/>\n11h &#8211; Passeio a Serra Negra<br \/>\n13h &#8211; Feijoada para os motociclistas<br \/>\n17h &#8211; Bebo Blues (Blues)<br \/>\n19h30 &#8211; Entrega dos Trof\u00e9us (no palco)<br \/>\n20h30 &#8211; Old Pack (Classic Rock)<br \/>\n22h30 &#8211; Leoni (Rock Nacional)<br \/>\n00h30 &#8211; R\u00e1dio Rock Band (Pop Rock)<\/p>\n<p>Domingo (03\/08)<br \/>\n08h &#8211; Despedida dos motociclistas<br \/>\nSiga o Instagram do Blog pelo @blogdoedvaldomagalhaes<\/p>\n","protected":false},"excerpt":{"rendered":"<p>O 22\u00b0 Moto Fest de Bezerros ser\u00e1 realizado da quinta-feira (31.07) at\u00e9 o domingo (03.08), na rua da Matriz. O&hellip;<\/p>\n","protected":false},"author":1,"featured_media":121544,"comment_status":"closed","ping_status":"open","sticky":false,"template":"","format":"standard","meta":{"footnotes":""},"categories":[14120],"tags":[29440,27410,13146,28801,34276],"class_list":["post-121543","post","type-post","status-publish","format-standard","has-post-thumbnail","hentry","category-noticias","tag-blog-com-mais-visualizacao","tag-blog-de-caruaru","tag-blog-edvaldo-magalhaes","tag-blog-mais-acessado","tag-confira-a-programacao-do-22-motofest-de-bezerros-2025"],"_links":{"self":[{"href":"https:\/\/blogdoedvaldomagalhaes.com.br\/index.php\/wp-json\/wp\/v2\/posts\/121543","targetHints":{"allow":["GET"]}}],"collection":[{"href":"https:\/\/blogdoedvaldomagalhaes.com.br\/index.php\/wp-json\/wp\/v2\/posts"}],"about":[{"href":"https:\/\/blogdoedvaldomagalhaes.com.br\/index.php\/wp-json\/wp\/v2\/types\/post"}],"author":[{"embeddable":true,"href":"https:\/\/blogdoedvaldomagalhaes.com.br\/index.php\/wp-json\/wp\/v2\/users\/1"}],"replies":[{"embeddable":true,"href":"https:\/\/blogdoedvaldomagalhaes.com.br\/index.php\/wp-json\/wp\/v2\/comments?post=121543"}],"version-history":[{"count":2,"href":"https:\/\/blogdoedvaldomagalhaes.com.br\/index.php\/wp-json\/wp\/v2\/posts\/121543\/revisions"}],"predecessor-version":[{"id":121547,"href":"https:\/\/blogdoedvaldomagalhaes.com.br\/index.php\/wp-json\/wp\/v2\/posts\/121543\/revisions\/121547"}],"wp:featuredmedia":[{"embeddable":true,"href":"https:\/\/blogdoedvaldomagalhaes.com.br\/index.php\/wp-json\/wp\/v2\/media\/121544"}],"wp:attachment":[{"href":"https:\/\/blogdoedvaldomagalhaes.com.br\/index.php\/wp-json\/wp\/v2\/media?parent=121543"}],"wp:term":[{"taxonomy":"category","embeddable":true,"href":"https:\/\/blogdoedvaldomagalhaes.com.br\/index.php\/wp-json\/wp\/v2\/categories?post=121543"},{"taxonomy":"post_tag","embeddable":true,"href":"https:\/\/blogdoedvaldomagalhaes.com.br\/index.php\/wp-json\/wp\/v2\/tags?post=121543"}],"curies":[{"name":"wp","href":"https:\/\/api.w.org\/{rel}","templated":true}]}}