{"id":1215,"date":"2018-09-25T19:33:00","date_gmt":"2018-09-25T22:33:00","guid":{"rendered":"http:\/\/blogdoedvaldomagalhaes.com.br\/index.php\/2018\/09\/25\/caruaru-inaugurada-primeira-sala-google\/"},"modified":"2019-02-09T02:32:24","modified_gmt":"2019-02-09T04:32:24","slug":"caruaru-inaugurada-primeira-sala-google","status":"publish","type":"post","link":"https:\/\/blogdoedvaldomagalhaes.com.br\/index.php\/2018\/09\/25\/caruaru-inaugurada-primeira-sala-google\/","title":{"rendered":"Caruaru: Inaugurada primeira Sala Google no interior de Pernambuco"},"content":{"rendered":"<div class=\"separator\" style=\"clear: both; text-align: center;\">\n<a href=\"https:\/\/3.bp.blogspot.com\/-mWJw2Pgwhkg\/W6qNarEBYWI\/AAAAAAAA6ow\/CfJX1RNKd6o_4OnKHK1uvqURZoIDFmaogCLcBGAs\/s1600\/diocesano.jpg\" imageanchor=\"1\" style=\"margin-left: 1em; margin-right: 1em;\"><img loading=\"lazy\" decoding=\"async\" border=\"0\" data-original-height=\"495\" data-original-width=\"660\" height=\"480\" src=\"http:\/\/blogdoedvaldomagalhaes.com.br\/wp-content\/uploads\/2018\/09\/diocesano.jpg\" width=\"640\" \/><\/a><\/div>\n<p><\/p>\n<div style=\"text-align: justify;\">\nO Col\u00e9gio Diocesano de Caruaru inaugurou, nesta ter\u00e7a-feira (25), a 1\u00aa Sala Google do interior de Pernambuco. Trata-se de um ambiente totalmente diferenciado para oferecer uma nova experiencial educacional, atrav\u00e9s do Projeto Google for Education, cuja metodologia coloca o aluno como protagonista do processo de ensino-aprendizagem.<\/p>\n<\/div>\n<div style=\"text-align: justify;\">\n<div class=\"separator\" style=\"clear: both; text-align: center;\">\n<\/div>\n<div class=\"separator\" style=\"clear: both; text-align: center;\">\n<a href=\"https:\/\/2.bp.blogspot.com\/-XsbiqyLpAOM\/W6ql7cu7uWI\/AAAAAAAA6pA\/idfWcfKqd9E1GcasH2PqrZg_pSa9zJxKQCLcBGAs\/s1600\/IMG_20180925_094358385.jpg\" imageanchor=\"1\" style=\"margin-left: 1em; margin-right: 1em;\"><img loading=\"lazy\" decoding=\"async\" border=\"0\" data-original-height=\"1200\" data-original-width=\"1600\" height=\"480\" src=\"http:\/\/blogdoedvaldomagalhaes.com.br\/wp-content\/uploads\/2018\/09\/IMG_20180925_094358385.jpg\" width=\"640\" \/><\/a><\/div>\n<p><\/div>\n<div style=\"text-align: justify;\">\nNa Sala Google, os estudantes ter\u00e3o acesso a todas as aplica\u00e7\u00f5es da Google e \u00e0s aplica\u00e7\u00f5es GSuite for Education, que, entre muitas vantagens, s\u00e3o livres de propaganda, possuem armazenamento ilimitado na nuvem e acesso a dezenas de aplica\u00e7\u00f5es como Google Sala de Aula, que virtualiza todos os conte\u00fados e din\u00e2micas de sala de aula do col\u00e9gio. A Sala Google disp\u00f5e de 50 Chromebooks (notebooks com sistema operacional Google que funcionam na nuvem).&nbsp;<\/p>\n<\/div>\n<div style=\"text-align: justify;\">\n<div class=\"separator\" style=\"clear: both; text-align: center;\">\n<a href=\"https:\/\/1.bp.blogspot.com\/-JerxzGa--tc\/W6qmXNw6ZsI\/AAAAAAAA6pM\/D7JLjHEnpdgDach-29RhX9enEwURhgXawCLcBGAs\/s1600\/IMG_20180925_094354194.jpg\" imageanchor=\"1\" style=\"margin-left: 1em; margin-right: 1em;\"><img loading=\"lazy\" decoding=\"async\" border=\"0\" data-original-height=\"1200\" data-original-width=\"1600\" height=\"480\" src=\"http:\/\/blogdoedvaldomagalhaes.com.br\/wp-content\/uploads\/2018\/09\/IMG_20180925_094354194.jpg\" width=\"640\" \/><\/a><\/div>\n<p><\/div>\n<div style=\"text-align: justify;\">\nA implanta\u00e7\u00e3o da sala contou com a consultoria da Ensinar Tecnologia, uma empresa de tecnologia educacional que \u00e9 um dos oito parceiros da Google no Brasil.<\/div>\n<div style=\"text-align: justify;\">\n<\/div>\n<div style=\"text-align: justify;\">\nContando com conex\u00e3o wifi de banda larga dispon\u00edvel para mais de 100 dispositivos m\u00f3veis e uma Smart TV de 65 polegadas, onde todos os dispositivos podem ser espelhados atrav\u00e9s da rede wifi da sala ou pela tecnologia Chromecast Google, a Sala Google do Diocesano pretende oferecer experi\u00eancias \u00fanicas para a aprendizagem.<\/p>\n<\/div>\n<div style=\"text-align: justify;\">\n<div class=\"separator\" style=\"clear: both; text-align: center;\">\n<a href=\"https:\/\/4.bp.blogspot.com\/-xa9LbTSfDQA\/W6qmlJrZORI\/AAAAAAAA6pQ\/Kv5TxXlr0-w9iLQgCb3WioPZZqZUrcG7wCLcBGAs\/s1600\/IMG_20180925_093903598.jpg\" imageanchor=\"1\" style=\"margin-left: 1em; margin-right: 1em;\"><img loading=\"lazy\" decoding=\"async\" border=\"0\" data-original-height=\"1200\" data-original-width=\"1600\" height=\"480\" src=\"http:\/\/blogdoedvaldomagalhaes.com.br\/wp-content\/uploads\/2018\/09\/IMG_20180925_093903598.jpg\" width=\"640\" \/><\/a><\/div>\n<p><\/div>\n<div style=\"text-align: justify;\">\nDois professores do Col\u00e9gio, j\u00e1 possuem certifica\u00e7\u00e3o atrav\u00e9s de um programa global que comprova a profici\u00eancia do docente na Plataforma Google e outros dois j\u00e1 est\u00e3o em processo de certifica\u00e7\u00e3o. Atualmente, existem mais de 500 salas virtuais configuradas para projetar o Diocesano em atividades online e dar suporte virtual a todos os alunos que participem dessas atividades.<\/p>\n<\/div>\n<div style=\"text-align: justify;\">\n<div class=\"separator\" style=\"clear: both; text-align: center;\">\n<a href=\"https:\/\/3.bp.blogspot.com\/-F0XI-4xzX-c\/W6qnCEsAQ7I\/AAAAAAAA6pg\/ePSOemv23VgjZmFieRS562mTGMVxU6APwCLcBGAs\/s1600\/sim.jpg\" imageanchor=\"1\" style=\"margin-left: 1em; margin-right: 1em;\"><img loading=\"lazy\" decoding=\"async\" border=\"0\" data-original-height=\"342\" data-original-width=\"512\" height=\"426\" src=\"http:\/\/blogdoedvaldomagalhaes.com.br\/wp-content\/uploads\/2018\/09\/sim-3.jpg\" width=\"640\" \/><\/a><\/div>\n<p><\/div>\n<div style=\"text-align: justify;\">\nMais uma vez, o Col\u00e9gio Diocesano de Caruaru refor\u00e7a a sua marca de ser uma institui\u00e7\u00e3o de ensino tradicionalmente inovadora. \u201cN\u00e3o resta nenhuma d\u00favida de que a tecnologia \u00e9, hoje, uma ferramenta important\u00edssima para a aprendizagem. E a Sala Google vem colocar o Diocesano como um Col\u00e9gio de vanguarda, voltado para a educa\u00e7\u00e3o do futuro\u201d, afirma o diretor geral do Col\u00e9gio Diocesano de Caruaru, Monsenhor Olivaldo Pereira.<\/div>\n<div style=\"text-align: justify;\">\n<\/div>\n","protected":false},"excerpt":{"rendered":"<p>O Col\u00e9gio Diocesano de Caruaru inaugurou, nesta ter\u00e7a-feira (25), a 1\u00aa Sala Google do interior de Pernambuco. Trata-se de um&hellip;<\/p>\n","protected":false},"author":1,"featured_media":0,"comment_status":"open","ping_status":"open","sticky":false,"template":"","format":"standard","meta":{"footnotes":""},"categories":[1],"tags":[2,1173,6],"class_list":["post-1215","post","type-post","status-publish","format-standard","hentry","category-sem-categoria","tag-blog-do-edvaldo-magalhaes","tag-caruaru-inaugurada-primeira-sala-google-no-interior-de-pernambuco","tag-noticias"],"_links":{"self":[{"href":"https:\/\/blogdoedvaldomagalhaes.com.br\/index.php\/wp-json\/wp\/v2\/posts\/1215","targetHints":{"allow":["GET"]}}],"collection":[{"href":"https:\/\/blogdoedvaldomagalhaes.com.br\/index.php\/wp-json\/wp\/v2\/posts"}],"about":[{"href":"https:\/\/blogdoedvaldomagalhaes.com.br\/index.php\/wp-json\/wp\/v2\/types\/post"}],"author":[{"embeddable":true,"href":"https:\/\/blogdoedvaldomagalhaes.com.br\/index.php\/wp-json\/wp\/v2\/users\/1"}],"replies":[{"embeddable":true,"href":"https:\/\/blogdoedvaldomagalhaes.com.br\/index.php\/wp-json\/wp\/v2\/comments?post=1215"}],"version-history":[{"count":1,"href":"https:\/\/blogdoedvaldomagalhaes.com.br\/index.php\/wp-json\/wp\/v2\/posts\/1215\/revisions"}],"predecessor-version":[{"id":34358,"href":"https:\/\/blogdoedvaldomagalhaes.com.br\/index.php\/wp-json\/wp\/v2\/posts\/1215\/revisions\/34358"}],"wp:attachment":[{"href":"https:\/\/blogdoedvaldomagalhaes.com.br\/index.php\/wp-json\/wp\/v2\/media?parent=1215"}],"wp:term":[{"taxonomy":"category","embeddable":true,"href":"https:\/\/blogdoedvaldomagalhaes.com.br\/index.php\/wp-json\/wp\/v2\/categories?post=1215"},{"taxonomy":"post_tag","embeddable":true,"href":"https:\/\/blogdoedvaldomagalhaes.com.br\/index.php\/wp-json\/wp\/v2\/tags?post=1215"}],"curies":[{"name":"wp","href":"https:\/\/api.w.org\/{rel}","templated":true}]}}