{"id":121463,"date":"2025-07-24T21:18:06","date_gmt":"2025-07-25T00:18:06","guid":{"rendered":"https:\/\/blogdoedvaldomagalhaes.com.br\/?p=121463"},"modified":"2025-07-24T21:18:06","modified_gmt":"2025-07-25T00:18:06","slug":"pela-primeira-vez-no-interior-de-pernambuco-recnplay-vai-inaugurar-nova-sede-do-armazem-da-criatividade-de-caruaru","status":"publish","type":"post","link":"https:\/\/blogdoedvaldomagalhaes.com.br\/index.php\/2025\/07\/24\/pela-primeira-vez-no-interior-de-pernambuco-recnplay-vai-inaugurar-nova-sede-do-armazem-da-criatividade-de-caruaru\/","title":{"rendered":"Pela primeira vez no interior de Pernambuco, REC\u2019n\u2019Play vai inaugurar nova sede do Armaz\u00e9m da Criatividade de Caruaru"},"content":{"rendered":"<p>A governadora Raquel Lyra anunciou, nesta quinta-feira (24.07), uma importante not\u00edcia para a consolida\u00e7\u00e3o do ecossistema de inova\u00e7\u00e3o no Agreste pernambucano: em 2025, pela primeira vez, o REC\u2019n\u2019Play ser\u00e1 realizado tamb\u00e9m no munic\u00edpio de Caruaru. O evento vai ocorrer entre os dias 28 e 30 de agosto, na nova sede do Armaz\u00e9m da Criatividade da cidade (situada na hist\u00f3rica F\u00e1brica Caro\u00e1), que ser\u00e1 inaugurada na abertura do festival.<\/p>\n<p>\u201cEst\u00e1 marcada a data do primeiro Rol\u00ea REC&#8217;n&#8217;Play Caruaru. Um evento que j\u00e1 \u00e9 consolidado no Recife h\u00e1 muitos anos agora chega ao Agreste pernambucano, celebrando a inaugura\u00e7\u00e3o do novo Armaz\u00e9m da Criatividade. S\u00f3 neste evento, que acontece de 28 a 30 de agosto, ser\u00e3o investidos R$ 1,5 milh\u00e3o para impulsionar um novo ecossistema de ci\u00eancia, tecnologia e inova\u00e7\u00e3o, promover rodadas de neg\u00f3cios, fortalecer a economia criativa e garantir mais gera\u00e7\u00e3o de emprego e renda para a nossa gente. \u00c9 o Porto Digital marcando presen\u00e7a no interior do Estado\u201d, afirmou a governadora Raquel Lyra.<\/p>\n<p>Com investimento total de R$ 44,5 milh\u00f5es, maior contrato de gest\u00e3o j\u00e1 firmado entre o Governo de Pernambuco e o Porto Digital, a nova sede do Armaz\u00e9m da Criatividade possui uma estrutura moderna, com 2.500 m\u00b2 de \u00e1rea constru\u00edda, representando uma nova fase do desenvolvimento tecnol\u00f3gico e da economia criativa no interior do Estado. Os recursos, oriundos da Secretaria de Ci\u00eancia, Tecnologia e Inova\u00e7\u00e3o (Secti\/PE) e da Financiadora de Estudos e Projetos (Finep), permitiram a requalifica\u00e7\u00e3o completa da F\u00e1brica Caro\u00e1, agora adaptada para funcionar como centro de inova\u00e7\u00e3o, prototipagem, qualifica\u00e7\u00e3o e apoio a neg\u00f3cios criativos e tecnol\u00f3gicos.<\/p>\n<p>\u201cA nova sede do Armaz\u00e9m da Criatividade fortalece o nosso compromisso com a interioriza\u00e7\u00e3o da inova\u00e7\u00e3o e o desenvolvimento regional sustent\u00e1vel. Trata-se de um equipamento estrat\u00e9gico, que vai ampliar oportunidades, formar talentos e atrair investimentos para o Agreste pernambucano\u201d, afirmou a secret\u00e1ria estadual de Ci\u00eancia, Tecnologia e Inova\u00e7\u00e3o, Mauric\u00e9lia Montenegro.<\/p>\n<p>O espa\u00e7o, que possui capacidade total para at\u00e9 526 pessoas, nasce conectado a uma rede de parcerias estrat\u00e9gicas firmadas com empresas, institui\u00e7\u00f5es de ensino, ag\u00eancias de fomento e ambientes de inova\u00e7\u00e3o. Entre os parceiros est\u00e3o Softtex, Tapioca Valley, Sebrae, Senac, CESAR School, Instituto Federal de Pernambuco (IFPE), Universidade Federal de Pernambuco (UFPE), Universidade de Pernambuco (UPE), Prefeitura de Caruaru, entre outros. \u201cA inaugura\u00e7\u00e3o da nova sede do Armaz\u00e9m da Criatividade em Caruaru \u00e9 um passo decisivo na miss\u00e3o de tornar a inova\u00e7\u00e3o um motor de transforma\u00e7\u00e3o em todo o Estado. Mais do que um im\u00f3vel requalificado, estamos entregando um espa\u00e7o onde ideias ganham forma, talentos s\u00e3o revelados e sonhos se tornam projetos concretos. \u00c9 a prova de que o interior tem for\u00e7a, criatividade e capacidade para liderar a nova economia do conhecimento\u201d, destacou Pierre Lucena, presidente do Porto Digital.<\/p>\n<p>*Rol\u00ea REC&#8217;n&#8217;Play Caruaru -* Com investimento estadual de R$ 1,5 milh\u00e3o, a primeira edi\u00e7\u00e3o interiorana do REC&#8217;n&#8217;Play, um dos maiores festivais de inova\u00e7\u00e3o, tecnologia, empreendedorismo e cultura do pa\u00eds, ter\u00e1 programa\u00e7\u00e3o gratuita voltada para estudantes, empreendedores e profissionais de Caruaru e regi\u00e3o. A expectativa dos organizadores \u00e9 atrair cerca de 3 mil pessoas ao longo dos tr\u00eas dias de evento, que contar\u00e1 com 100 atividades, incluindo palestras, oficinas, competi\u00e7\u00f5es, mostras interativas, shows e experi\u00eancias imersivas em arenas tem\u00e1ticas, como a Arena Gamer e a Arena de Rob\u00f4s. Tamb\u00e9m haver\u00e1 programa\u00e7\u00e3o especial para o p\u00fablico infantil, com atividades l\u00fadicas que integram tecnologia, criatividade e educa\u00e7\u00e3o.<\/p>\n<p>\u201cEstamos descentralizando oportunidades e fomentando o empreendedorismo local com a\u00e7\u00f5es que promovem a inclus\u00e3o produtiva, a qualifica\u00e7\u00e3o profissional e a forma\u00e7\u00e3o de um ecossistema de inova\u00e7\u00e3o no Agreste pernambucano\u201d, disse Mauric\u00e9lia Montenegro. \u201cO Rol\u00ea REC\u2019n\u2019Play em Caruaru simboliza um novo cap\u00edtulo para a inova\u00e7\u00e3o em Pernambuco. Estamos mostrando que o futuro tamb\u00e9m nasce no interior, onde h\u00e1 talento, criatividade e vontade de transformar realidades. Estamos conectando talentos locais a um ecossistema din\u00e2mico de tecnologia e empreendedorismo, criando oportunidades reais para transformar o Agreste em um novo polo de desenvolvimento&#8221;, completou Lucena.<\/p>\n<p>Mais informa\u00e7\u00f5es sobre a programa\u00e7\u00e3o do Rol\u00ea REC\u2019n\u2019Play ser\u00e3o divulgadas em breve nos canais oficiais do Governo de Pernambuco e do Porto Digital.<br \/>\nSeja seguidor do Instagram do Blog pelo @blogdoedvaldomagalhaes<br \/>\nFoto: Iran Luna\/REC&#8217;n&#8217;Play<\/p>\n","protected":false},"excerpt":{"rendered":"<p>A governadora Raquel Lyra anunciou, nesta quinta-feira (24.07), uma importante not\u00edcia para a consolida\u00e7\u00e3o do ecossistema de inova\u00e7\u00e3o no Agreste&hellip;<\/p>\n","protected":false},"author":1,"featured_media":121464,"comment_status":"closed","ping_status":"open","sticky":false,"template":"","format":"standard","meta":{"footnotes":""},"categories":[14120],"tags":[29440,27410,2,28801,34253],"class_list":["post-121463","post","type-post","status-publish","format-standard","has-post-thumbnail","hentry","category-noticias","tag-blog-com-mais-visualizacao","tag-blog-de-caruaru","tag-blog-do-edvaldo-magalhaes","tag-blog-mais-acessado","tag-pela-primeira-vez-no-interior-de-pernambuco-recnplay-vai-inaugurar-nova-sede-do-armazem-da-criatividade-de-caruaru"],"_links":{"self":[{"href":"https:\/\/blogdoedvaldomagalhaes.com.br\/index.php\/wp-json\/wp\/v2\/posts\/121463","targetHints":{"allow":["GET"]}}],"collection":[{"href":"https:\/\/blogdoedvaldomagalhaes.com.br\/index.php\/wp-json\/wp\/v2\/posts"}],"about":[{"href":"https:\/\/blogdoedvaldomagalhaes.com.br\/index.php\/wp-json\/wp\/v2\/types\/post"}],"author":[{"embeddable":true,"href":"https:\/\/blogdoedvaldomagalhaes.com.br\/index.php\/wp-json\/wp\/v2\/users\/1"}],"replies":[{"embeddable":true,"href":"https:\/\/blogdoedvaldomagalhaes.com.br\/index.php\/wp-json\/wp\/v2\/comments?post=121463"}],"version-history":[{"count":1,"href":"https:\/\/blogdoedvaldomagalhaes.com.br\/index.php\/wp-json\/wp\/v2\/posts\/121463\/revisions"}],"predecessor-version":[{"id":121465,"href":"https:\/\/blogdoedvaldomagalhaes.com.br\/index.php\/wp-json\/wp\/v2\/posts\/121463\/revisions\/121465"}],"wp:featuredmedia":[{"embeddable":true,"href":"https:\/\/blogdoedvaldomagalhaes.com.br\/index.php\/wp-json\/wp\/v2\/media\/121464"}],"wp:attachment":[{"href":"https:\/\/blogdoedvaldomagalhaes.com.br\/index.php\/wp-json\/wp\/v2\/media?parent=121463"}],"wp:term":[{"taxonomy":"category","embeddable":true,"href":"https:\/\/blogdoedvaldomagalhaes.com.br\/index.php\/wp-json\/wp\/v2\/categories?post=121463"},{"taxonomy":"post_tag","embeddable":true,"href":"https:\/\/blogdoedvaldomagalhaes.com.br\/index.php\/wp-json\/wp\/v2\/tags?post=121463"}],"curies":[{"name":"wp","href":"https:\/\/api.w.org\/{rel}","templated":true}]}}