{"id":121459,"date":"2025-07-24T15:12:48","date_gmt":"2025-07-24T18:12:48","guid":{"rendered":"https:\/\/blogdoedvaldomagalhaes.com.br\/?p=121459"},"modified":"2025-07-24T21:10:25","modified_gmt":"2025-07-25T00:10:25","slug":"homem-usa-documento-falso-para-liberar-veiculo-e-e-detido-pela-prf","status":"publish","type":"post","link":"https:\/\/blogdoedvaldomagalhaes.com.br\/index.php\/2025\/07\/24\/homem-usa-documento-falso-para-liberar-veiculo-e-e-detido-pela-prf\/","title":{"rendered":"Homem usa documento falso para liberar ve\u00edculo e \u00e9 detido pela PRF"},"content":{"rendered":"<p>Um homem que apresentou um documento falso para tentar liberar um ve\u00edculo semirreboque foi detido, na quarta-feira (23), pela Pol\u00edcia Rodovi\u00e1ria Federal (PRF). O flagrante foi realizado na Delegacia do \u00f3rg\u00e3o em Recife, localizada na BR 101, no bairro do Curado, na Zona Oeste da capital.<\/p>\n<p>Por volta do meio-dia, um homem se dirigiu at\u00e9 a unidade da PRF e apresentou um Certificado de Registro e Licenciamento de Ve\u00edculo (CRLV) do ano de 2025, para tentar a libera\u00e7\u00e3o do semirreboque que havia sido recolhido ao p\u00e1tio. Ap\u00f3s consulta, foi constatado que o \u00faltimo licenciamento emitido para o ve\u00edculo era de 2023 e o documento apresentado pelo motorista apresentava sinais de falsifica\u00e7\u00e3o.<br \/>\nO homem foi encaminhado \u00e0 Delegacia de Pol\u00edcia Federal, no bairro do Recife, no centro da capital. Ele poder\u00e1 responder por uso de documento falso, que prev\u00ea pena de dois a seis anos de reclus\u00e3o.<br \/>\nSiga o Instagram do Blog pelo @blogdoedvaldomagalhaes<br \/>\nFoto: Divulga\u00e7\u00e3o\/PRF<\/p>\n","protected":false},"excerpt":{"rendered":"<p>Um homem que apresentou um documento falso para tentar liberar um ve\u00edculo semirreboque foi detido, na quarta-feira (23), pela Pol\u00edcia&hellip;<\/p>\n","protected":false},"author":1,"featured_media":121462,"comment_status":"closed","ping_status":"open","sticky":false,"template":"","format":"standard","meta":{"footnotes":""},"categories":[14120],"tags":[30253,29440,13146,28801,34252],"class_list":["post-121459","post","type-post","status-publish","format-standard","has-post-thumbnail","hentry","category-noticias","tag-blog-caruaru","tag-blog-com-mais-visualizacao","tag-blog-edvaldo-magalhaes","tag-blog-mais-acessado","tag-homem-usa-documento-falso-para-liberar-veiculo-e-e-detido-pela-prf-no-recife"],"_links":{"self":[{"href":"https:\/\/blogdoedvaldomagalhaes.com.br\/index.php\/wp-json\/wp\/v2\/posts\/121459","targetHints":{"allow":["GET"]}}],"collection":[{"href":"https:\/\/blogdoedvaldomagalhaes.com.br\/index.php\/wp-json\/wp\/v2\/posts"}],"about":[{"href":"https:\/\/blogdoedvaldomagalhaes.com.br\/index.php\/wp-json\/wp\/v2\/types\/post"}],"author":[{"embeddable":true,"href":"https:\/\/blogdoedvaldomagalhaes.com.br\/index.php\/wp-json\/wp\/v2\/users\/1"}],"replies":[{"embeddable":true,"href":"https:\/\/blogdoedvaldomagalhaes.com.br\/index.php\/wp-json\/wp\/v2\/comments?post=121459"}],"version-history":[{"count":1,"href":"https:\/\/blogdoedvaldomagalhaes.com.br\/index.php\/wp-json\/wp\/v2\/posts\/121459\/revisions"}],"predecessor-version":[{"id":121460,"href":"https:\/\/blogdoedvaldomagalhaes.com.br\/index.php\/wp-json\/wp\/v2\/posts\/121459\/revisions\/121460"}],"wp:featuredmedia":[{"embeddable":true,"href":"https:\/\/blogdoedvaldomagalhaes.com.br\/index.php\/wp-json\/wp\/v2\/media\/121462"}],"wp:attachment":[{"href":"https:\/\/blogdoedvaldomagalhaes.com.br\/index.php\/wp-json\/wp\/v2\/media?parent=121459"}],"wp:term":[{"taxonomy":"category","embeddable":true,"href":"https:\/\/blogdoedvaldomagalhaes.com.br\/index.php\/wp-json\/wp\/v2\/categories?post=121459"},{"taxonomy":"post_tag","embeddable":true,"href":"https:\/\/blogdoedvaldomagalhaes.com.br\/index.php\/wp-json\/wp\/v2\/tags?post=121459"}],"curies":[{"name":"wp","href":"https:\/\/api.w.org\/{rel}","templated":true}]}}