{"id":121456,"date":"2025-07-24T14:59:29","date_gmt":"2025-07-24T17:59:29","guid":{"rendered":"https:\/\/blogdoedvaldomagalhaes.com.br\/?p=121456"},"modified":"2025-07-24T14:59:29","modified_gmt":"2025-07-24T17:59:29","slug":"senai-caruaru-abre-inscricoes-gratuitas-para-curso-de-tecnico-em-eletrotecnica","status":"publish","type":"post","link":"https:\/\/blogdoedvaldomagalhaes.com.br\/index.php\/2025\/07\/24\/senai-caruaru-abre-inscricoes-gratuitas-para-curso-de-tecnico-em-eletrotecnica\/","title":{"rendered":"Senai Caruaru abre inscri\u00e7\u00f5es gratuitas para curso de T\u00e9cnico em Eletrot\u00e9cnica"},"content":{"rendered":"<p>O Servi\u00e7o Nacional de Aprendizagem Industrial de Pernambuco (SENAI-PE), unidade Caruaru, est\u00e1 com inscri\u00e7\u00f5es abertas para o curso gratuito de T\u00e9cnico em Eletrot\u00e9cnica, a ser realizado de forma presencial, com in\u00edcio em 11 de agosto. As aulas acontecer\u00e3o de segunda \u00e0 sexta-feira, de 8h \u00e0s 12h, e a carga hor\u00e1ria total \u00e9 de 1088h.<\/p>\n<p>Ao final do curso, os t\u00e9cnicos estar\u00e3o aptos a coordenar e executar os processos de instala\u00e7\u00e3o, manuten\u00e7\u00e3o e elabora\u00e7\u00e3o de projetos em sistemas el\u00e9tricos prediais, industriais e de pot\u00eancia. A forma\u00e7\u00e3o \u00e9 voltada para alunos a partir de 16 anos que j\u00e1 conclu\u00edram o Ensino M\u00e9dio ou que est\u00e3o cursando a partir do 2\u00ba ano.<\/p>\n<p>As vagas s\u00e3o limitadas e as inscri\u00e7\u00f5es devem ser feitas exclusivamente pelo formul\u00e1rio dispon\u00edvel no link: https:\/\/bit.ly\/CaruaruTecnicoEletrotecnica. J\u00e1 as aulas acontecer\u00e3o no Senai Caruaru, localizado na Rua Jo\u00e3o Gomes de Pontes, no bairro Kennedy, n\u00b0 166.<br \/>\nSeja seguidor do Instagram do Blog pelo @blogdoedvaldomagalhaes<br \/>\nImagem: Divulga\u00e7\u00e3o<\/p>\n","protected":false},"excerpt":{"rendered":"<p>O Servi\u00e7o Nacional de Aprendizagem Industrial de Pernambuco (SENAI-PE), unidade Caruaru, est\u00e1 com inscri\u00e7\u00f5es abertas para o curso gratuito de&hellip;<\/p>\n","protected":false},"author":1,"featured_media":121457,"comment_status":"closed","ping_status":"open","sticky":false,"template":"","format":"standard","meta":{"footnotes":""},"categories":[14120],"tags":[28803,27410,2,28801,34251],"class_list":["post-121456","post","type-post","status-publish","format-standard","has-post-thumbnail","hentry","category-noticias","tag-blog-com-mais-visualizacoes","tag-blog-de-caruaru","tag-blog-do-edvaldo-magalhaes","tag-blog-mais-acessado","tag-senai-caruaru-abre-inscricoes-gratuitas-para-curso-de-tecnico-em-eletrotecnica"],"_links":{"self":[{"href":"https:\/\/blogdoedvaldomagalhaes.com.br\/index.php\/wp-json\/wp\/v2\/posts\/121456","targetHints":{"allow":["GET"]}}],"collection":[{"href":"https:\/\/blogdoedvaldomagalhaes.com.br\/index.php\/wp-json\/wp\/v2\/posts"}],"about":[{"href":"https:\/\/blogdoedvaldomagalhaes.com.br\/index.php\/wp-json\/wp\/v2\/types\/post"}],"author":[{"embeddable":true,"href":"https:\/\/blogdoedvaldomagalhaes.com.br\/index.php\/wp-json\/wp\/v2\/users\/1"}],"replies":[{"embeddable":true,"href":"https:\/\/blogdoedvaldomagalhaes.com.br\/index.php\/wp-json\/wp\/v2\/comments?post=121456"}],"version-history":[{"count":1,"href":"https:\/\/blogdoedvaldomagalhaes.com.br\/index.php\/wp-json\/wp\/v2\/posts\/121456\/revisions"}],"predecessor-version":[{"id":121458,"href":"https:\/\/blogdoedvaldomagalhaes.com.br\/index.php\/wp-json\/wp\/v2\/posts\/121456\/revisions\/121458"}],"wp:featuredmedia":[{"embeddable":true,"href":"https:\/\/blogdoedvaldomagalhaes.com.br\/index.php\/wp-json\/wp\/v2\/media\/121457"}],"wp:attachment":[{"href":"https:\/\/blogdoedvaldomagalhaes.com.br\/index.php\/wp-json\/wp\/v2\/media?parent=121456"}],"wp:term":[{"taxonomy":"category","embeddable":true,"href":"https:\/\/blogdoedvaldomagalhaes.com.br\/index.php\/wp-json\/wp\/v2\/categories?post=121456"},{"taxonomy":"post_tag","embeddable":true,"href":"https:\/\/blogdoedvaldomagalhaes.com.br\/index.php\/wp-json\/wp\/v2\/tags?post=121456"}],"curies":[{"name":"wp","href":"https:\/\/api.w.org\/{rel}","templated":true}]}}