{"id":121453,"date":"2025-07-24T10:25:45","date_gmt":"2025-07-24T13:25:45","guid":{"rendered":"https:\/\/blogdoedvaldomagalhaes.com.br\/?p=121453"},"modified":"2025-07-24T10:25:45","modified_gmt":"2025-07-24T13:25:45","slug":"pm-desmonta-esquema-de-desmanche-de-carros","status":"publish","type":"post","link":"https:\/\/blogdoedvaldomagalhaes.com.br\/index.php\/2025\/07\/24\/pm-desmonta-esquema-de-desmanche-de-carros\/","title":{"rendered":"PM desmonta esquema de desmanche de carros"},"content":{"rendered":"<p>Policiais militares da 6\u00aa CIPM debelaram, na quarta-feira (23\/07), um esquema de desmanche de ve\u00edculos, no Loteamento Lagoa Azul, em Limoeiro. O efetivo recebeu a localiza\u00e7\u00e3o de um carro roubado em uma resid\u00eancia do condom\u00ednio, e ao fazer a checagem descobriram toda a movimenta\u00e7\u00e3o.<\/p>\n<p>Logo ao chegar, a equipe visualizou o carro procurado, j\u00e1 com outra placa, na garagem. O propriet\u00e1rio da casa admitiu que tinha comprado o ve\u00edculo roubado para vender as pe\u00e7as e informou haver outra pessoa no interior da resid\u00eancia, al\u00e9m de tr\u00eas outros carros na mesma situa\u00e7\u00e3o.<\/p>\n<p>Diante dos fatos, os envolvidos foram apresentados na Delegacia de Pol\u00edcia Civil da cidade, para que fossem adotadas todas as medidas cab\u00edveis neste tipo de ocorr\u00eancia. Foto: Divulga\u00e7\u00e3o<br \/>\nSiga o Instagram do Blog pelo @blogdoedvaldomagalhaes<\/p>\n","protected":false},"excerpt":{"rendered":"<p>Policiais militares da 6\u00aa CIPM debelaram, na quarta-feira (23\/07), um esquema de desmanche de ve\u00edculos, no Loteamento Lagoa Azul, em&hellip;<\/p>\n","protected":false},"author":1,"featured_media":121454,"comment_status":"closed","ping_status":"open","sticky":false,"template":"","format":"standard","meta":{"footnotes":""},"categories":[14121],"tags":[30592,27410,2,28801,34250],"class_list":["post-121453","post","type-post","status-publish","format-standard","has-post-thumbnail","hentry","category-policial","tag-blog-com-mais-seguidores","tag-blog-de-caruaru","tag-blog-do-edvaldo-magalhaes","tag-blog-mais-acessado","tag-pm-desmonta-esquema-de-desmanche-de-carros"],"_links":{"self":[{"href":"https:\/\/blogdoedvaldomagalhaes.com.br\/index.php\/wp-json\/wp\/v2\/posts\/121453","targetHints":{"allow":["GET"]}}],"collection":[{"href":"https:\/\/blogdoedvaldomagalhaes.com.br\/index.php\/wp-json\/wp\/v2\/posts"}],"about":[{"href":"https:\/\/blogdoedvaldomagalhaes.com.br\/index.php\/wp-json\/wp\/v2\/types\/post"}],"author":[{"embeddable":true,"href":"https:\/\/blogdoedvaldomagalhaes.com.br\/index.php\/wp-json\/wp\/v2\/users\/1"}],"replies":[{"embeddable":true,"href":"https:\/\/blogdoedvaldomagalhaes.com.br\/index.php\/wp-json\/wp\/v2\/comments?post=121453"}],"version-history":[{"count":1,"href":"https:\/\/blogdoedvaldomagalhaes.com.br\/index.php\/wp-json\/wp\/v2\/posts\/121453\/revisions"}],"predecessor-version":[{"id":121455,"href":"https:\/\/blogdoedvaldomagalhaes.com.br\/index.php\/wp-json\/wp\/v2\/posts\/121453\/revisions\/121455"}],"wp:featuredmedia":[{"embeddable":true,"href":"https:\/\/blogdoedvaldomagalhaes.com.br\/index.php\/wp-json\/wp\/v2\/media\/121454"}],"wp:attachment":[{"href":"https:\/\/blogdoedvaldomagalhaes.com.br\/index.php\/wp-json\/wp\/v2\/media?parent=121453"}],"wp:term":[{"taxonomy":"category","embeddable":true,"href":"https:\/\/blogdoedvaldomagalhaes.com.br\/index.php\/wp-json\/wp\/v2\/categories?post=121453"},{"taxonomy":"post_tag","embeddable":true,"href":"https:\/\/blogdoedvaldomagalhaes.com.br\/index.php\/wp-json\/wp\/v2\/tags?post=121453"}],"curies":[{"name":"wp","href":"https:\/\/api.w.org\/{rel}","templated":true}]}}