{"id":121432,"date":"2025-07-23T22:37:59","date_gmt":"2025-07-24T01:37:59","guid":{"rendered":"https:\/\/blogdoedvaldomagalhaes.com.br\/?p=121432"},"modified":"2025-07-23T22:37:59","modified_gmt":"2025-07-24T01:37:59","slug":"caruaru-sedia-a-4a-conferencia-municipal-de-politicas-para-as-mulheres-nesta-sexta-feira-25","status":"publish","type":"post","link":"https:\/\/blogdoedvaldomagalhaes.com.br\/index.php\/2025\/07\/23\/caruaru-sedia-a-4a-conferencia-municipal-de-politicas-para-as-mulheres-nesta-sexta-feira-25\/","title":{"rendered":"Caruaru sedia a 4\u00aa Confer\u00eancia Municipal de Pol\u00edticas para as Mulheres nesta sexta-feira (25)"},"content":{"rendered":"<p>Nesta sexta-feira (25.07), a Prefeitura de Caruaru, por meio da Secretaria da Mulher (SEMU) e do Conselho Municipal da Mulher (CMM), realiza a 4\u00aa Confer\u00eancia Municipal de Pol\u00edticas para as Mulheres. O evento ser\u00e1 realizado a partir das 8h, no audit\u00f3rio da Secretaria de Educa\u00e7\u00e3o, a antiga Fafica. <\/p>\n<p>Este ano, a confer\u00eancia tem como tema \u201cMais Democracia, Mais Igualdade, Mais Conquistas para Todas\u201d. O objetivo \u00e9 promover o di\u00e1logo entre o poder p\u00fablico e a sociedade civil, para avaliar, fortalecer e propor diretrizes para as pol\u00edticas p\u00fablicas voltadas \u00e0s mulheres de Caruaru.<\/p>\n<p>Durante o dia, as mulheres poder\u00e3o participar de momentos de debate e proposi\u00e7\u00e3o, grupos de trabalho divididos por eixos tem\u00e1ticos, al\u00e9m de apresenta\u00e7\u00f5es culturais. O evento, que ser\u00e1 realizado no Dia Internacional da Mulher Negra, Latino-Americana e Caribenha, vai homenagear mulheres de Caruaru e tamb\u00e9m vai contar com uma palestra de Irene Cardoso de Souza, 48\u00aa Promotora de Justi\u00e7a Criminal da Capital, do Minist\u00e9rio P\u00fablico de Pernambuco.<\/p>\n<p>\u201cSer\u00e1 um momento de muita constru\u00e7\u00e3o coletiva pra ouvir as mulheres de Caruaru, quais os seus anseios e qual a participa\u00e7\u00e3o delas na constru\u00e7\u00e3o das nossas pol\u00edticas p\u00fablicas para os pr\u00f3ximos anos. A confer\u00eancia \u00e9 importante para levar todas as propostas de Caruaru para as pr\u00f3ximas confer\u00eancias, que s\u00e3o a estadual e a nacional. \u00c9 um momento de constru\u00e7\u00e3o coletiva e de participa\u00e7\u00e3o das mulheres\u201d, destacou a secret\u00e1ria da Mulher, Luana Marabuco.<\/p>\n<p>As inscri\u00e7\u00f5es para a confer\u00eancia est\u00e3o abertas e podem ser realizadas, de forma gratuita, por meio do preenchimento de um formul\u00e1rio online: https:\/\/forms.gle\/MvjztnkAXVK26qS47.<br \/>\nSiga o Instagram do Blog pelo @blogdoedvaldomagalhaes<br \/>\nFoto: Divulga\u00e7\u00e3o\/PMC<\/p>\n","protected":false},"excerpt":{"rendered":"<p>Nesta sexta-feira (25.07), a Prefeitura de Caruaru, por meio da Secretaria da Mulher (SEMU) e do Conselho Municipal da Mulher&hellip;<\/p>\n","protected":false},"author":1,"featured_media":121433,"comment_status":"closed","ping_status":"open","sticky":false,"template":"","format":"standard","meta":{"footnotes":""},"categories":[14120],"tags":[30253,29440,13146,28801,34244],"class_list":["post-121432","post","type-post","status-publish","format-standard","has-post-thumbnail","hentry","category-noticias","tag-blog-caruaru","tag-blog-com-mais-visualizacao","tag-blog-edvaldo-magalhaes","tag-blog-mais-acessado","tag-caruaru-sedia-a-4a-conferencia-municipal-de-politicas-para-as-mulheres-na-proxima-sexta-feira-25"],"_links":{"self":[{"href":"https:\/\/blogdoedvaldomagalhaes.com.br\/index.php\/wp-json\/wp\/v2\/posts\/121432","targetHints":{"allow":["GET"]}}],"collection":[{"href":"https:\/\/blogdoedvaldomagalhaes.com.br\/index.php\/wp-json\/wp\/v2\/posts"}],"about":[{"href":"https:\/\/blogdoedvaldomagalhaes.com.br\/index.php\/wp-json\/wp\/v2\/types\/post"}],"author":[{"embeddable":true,"href":"https:\/\/blogdoedvaldomagalhaes.com.br\/index.php\/wp-json\/wp\/v2\/users\/1"}],"replies":[{"embeddable":true,"href":"https:\/\/blogdoedvaldomagalhaes.com.br\/index.php\/wp-json\/wp\/v2\/comments?post=121432"}],"version-history":[{"count":1,"href":"https:\/\/blogdoedvaldomagalhaes.com.br\/index.php\/wp-json\/wp\/v2\/posts\/121432\/revisions"}],"predecessor-version":[{"id":121434,"href":"https:\/\/blogdoedvaldomagalhaes.com.br\/index.php\/wp-json\/wp\/v2\/posts\/121432\/revisions\/121434"}],"wp:featuredmedia":[{"embeddable":true,"href":"https:\/\/blogdoedvaldomagalhaes.com.br\/index.php\/wp-json\/wp\/v2\/media\/121433"}],"wp:attachment":[{"href":"https:\/\/blogdoedvaldomagalhaes.com.br\/index.php\/wp-json\/wp\/v2\/media?parent=121432"}],"wp:term":[{"taxonomy":"category","embeddable":true,"href":"https:\/\/blogdoedvaldomagalhaes.com.br\/index.php\/wp-json\/wp\/v2\/categories?post=121432"},{"taxonomy":"post_tag","embeddable":true,"href":"https:\/\/blogdoedvaldomagalhaes.com.br\/index.php\/wp-json\/wp\/v2\/tags?post=121432"}],"curies":[{"name":"wp","href":"https:\/\/api.w.org\/{rel}","templated":true}]}}