{"id":121427,"date":"2025-07-23T21:17:34","date_gmt":"2025-07-24T00:17:34","guid":{"rendered":"https:\/\/blogdoedvaldomagalhaes.com.br\/?p=121427"},"modified":"2025-07-23T21:20:55","modified_gmt":"2025-07-24T00:20:55","slug":"prf-recupera-quatro-veiculos-com-registro-de-furto-apropriacao-indebita-e-sinais-de-adulteracao","status":"publish","type":"post","link":"https:\/\/blogdoedvaldomagalhaes.com.br\/index.php\/2025\/07\/23\/prf-recupera-quatro-veiculos-com-registro-de-furto-apropriacao-indebita-e-sinais-de-adulteracao\/","title":{"rendered":"PRF recupera quatro ve\u00edculos com registro de furto, apropria\u00e7\u00e3o ind\u00e9bita e sinais de adultera\u00e7\u00e3o"},"content":{"rendered":"<p>Quatro carros foram recuperados pela Pol\u00edcia Rodovi\u00e1ria Federal (PRF), na ter\u00e7a-feira (22.07), em abordagens realizadas no Recife, Cabrob\u00f3 e Serra Talhada, no Sert\u00e3o pernambucano. Os ve\u00edculos possu\u00edam registro de furto, apropria\u00e7\u00e3o ind\u00e9bita e sinais de adultera\u00e7\u00e3o.<br \/>\nEm Cabrob\u00f3, um T-Cross foi abordado e a equipe da PRF descobriu uma queixa de furto em Bayeux\/PB, em janeiro deste ano. O condutor alegou ter adquirido o carro por R$86 mil, bem abaixo do valor do mercado, estimado em R$106 mil.<\/p>\n<p>Em Serra Talhada, um carro adulterado e outro com registro de apropria\u00e7\u00e3o ind\u00e9bita foram apreendidos. O primeiro estava em posse de um homem que alegou ter adquirido o ve\u00edculo por R$15 mil no Maranh\u00e3o. O outro foi localizado em uma oficina, sem a identifica\u00e7\u00e3o do propriet\u00e1rio.<br \/>\nJ\u00e1 no Recife, um Kicks foi abordado na BR 232 e os policiais descobriram um registro de furto desde julho de 2024.<\/p>\n<p>As ocorr\u00eancias foram encaminhadas \u00e0 Delegacia de Pol\u00edcia Civil de cada regi\u00e3o.<br \/>\nSiga o Instagram do Blog pelo @blogdoedvaldomagalhaes<\/p>\n<p><img loading=\"lazy\" decoding=\"async\" src=\"https:\/\/blogdoedvaldomagalhaes.com.br\/wp-content\/uploads\/2025\/07\/img-20250723-wa0051933283553298838211.jpg\" class=\"wp-image-121430 alignnone size-full\" width=\"2000\" height=\"1500\" srcset=\"https:\/\/blogdoedvaldomagalhaes.com.br\/wp-content\/uploads\/2025\/07\/img-20250723-wa0051933283553298838211.jpg 2000w, https:\/\/blogdoedvaldomagalhaes.com.br\/wp-content\/uploads\/2025\/07\/img-20250723-wa0051933283553298838211-300x225.jpg 300w, https:\/\/blogdoedvaldomagalhaes.com.br\/wp-content\/uploads\/2025\/07\/img-20250723-wa0051933283553298838211-1024x768.jpg 1024w, https:\/\/blogdoedvaldomagalhaes.com.br\/wp-content\/uploads\/2025\/07\/img-20250723-wa0051933283553298838211-768x576.jpg 768w, https:\/\/blogdoedvaldomagalhaes.com.br\/wp-content\/uploads\/2025\/07\/img-20250723-wa0051933283553298838211-1536x1152.jpg 1536w, https:\/\/blogdoedvaldomagalhaes.com.br\/wp-content\/uploads\/2025\/07\/img-20250723-wa0051933283553298838211-160x120.jpg 160w\" sizes=\"auto, (max-width: 2000px) 100vw, 2000px\" \/>Fotos: Divulga\u00e7\u00e3o\/PRF<\/p>\n","protected":false},"excerpt":{"rendered":"<p>Quatro carros foram recuperados pela Pol\u00edcia Rodovi\u00e1ria Federal (PRF), na ter\u00e7a-feira (22.07), em abordagens realizadas no Recife, Cabrob\u00f3 e Serra&hellip;<\/p>\n","protected":false},"author":1,"featured_media":121428,"comment_status":"closed","ping_status":"open","sticky":false,"template":"","format":"standard","meta":{"footnotes":""},"categories":[14121],"tags":[28803,27410,2,28801,34243],"class_list":["post-121427","post","type-post","status-publish","format-standard","has-post-thumbnail","hentry","category-policial","tag-blog-com-mais-visualizacoes","tag-blog-de-caruaru","tag-blog-do-edvaldo-magalhaes","tag-blog-mais-acessado","tag-registro-de-furto"],"_links":{"self":[{"href":"https:\/\/blogdoedvaldomagalhaes.com.br\/index.php\/wp-json\/wp\/v2\/posts\/121427","targetHints":{"allow":["GET"]}}],"collection":[{"href":"https:\/\/blogdoedvaldomagalhaes.com.br\/index.php\/wp-json\/wp\/v2\/posts"}],"about":[{"href":"https:\/\/blogdoedvaldomagalhaes.com.br\/index.php\/wp-json\/wp\/v2\/types\/post"}],"author":[{"embeddable":true,"href":"https:\/\/blogdoedvaldomagalhaes.com.br\/index.php\/wp-json\/wp\/v2\/users\/1"}],"replies":[{"embeddable":true,"href":"https:\/\/blogdoedvaldomagalhaes.com.br\/index.php\/wp-json\/wp\/v2\/comments?post=121427"}],"version-history":[{"count":2,"href":"https:\/\/blogdoedvaldomagalhaes.com.br\/index.php\/wp-json\/wp\/v2\/posts\/121427\/revisions"}],"predecessor-version":[{"id":121431,"href":"https:\/\/blogdoedvaldomagalhaes.com.br\/index.php\/wp-json\/wp\/v2\/posts\/121427\/revisions\/121431"}],"wp:featuredmedia":[{"embeddable":true,"href":"https:\/\/blogdoedvaldomagalhaes.com.br\/index.php\/wp-json\/wp\/v2\/media\/121428"}],"wp:attachment":[{"href":"https:\/\/blogdoedvaldomagalhaes.com.br\/index.php\/wp-json\/wp\/v2\/media?parent=121427"}],"wp:term":[{"taxonomy":"category","embeddable":true,"href":"https:\/\/blogdoedvaldomagalhaes.com.br\/index.php\/wp-json\/wp\/v2\/categories?post=121427"},{"taxonomy":"post_tag","embeddable":true,"href":"https:\/\/blogdoedvaldomagalhaes.com.br\/index.php\/wp-json\/wp\/v2\/tags?post=121427"}],"curies":[{"name":"wp","href":"https:\/\/api.w.org\/{rel}","templated":true}]}}