{"id":121424,"date":"2025-07-23T21:02:46","date_gmt":"2025-07-24T00:02:46","guid":{"rendered":"https:\/\/blogdoedvaldomagalhaes.com.br\/?p=121424"},"modified":"2025-07-23T22:12:20","modified_gmt":"2025-07-24T01:12:20","slug":"dupla-e-presa-apos-roubo-a-loja-de-joias","status":"publish","type":"post","link":"https:\/\/blogdoedvaldomagalhaes.com.br\/index.php\/2025\/07\/23\/dupla-e-presa-apos-roubo-a-loja-de-joias\/","title":{"rendered":"Dupla \u00e9 presa ap\u00f3s roubo a loja de joias"},"content":{"rendered":"<p>Em a\u00e7\u00e3o r\u00e1pida, policiais militares do 3\u00ba BPM prenderam dois homens que, poucas horas antes, haviam assaltado uma loja de joias em Bu\u00edque. Acionado para a ocorr\u00eancia, o efetivo foi at\u00e9 o estabelecimento comercial e ouviu das funcion\u00e1rias que os suspeitos, um deles armado, fizeram amea\u00e7as e roubaram produtos da loja e celulares das atendentes, fugindo em seguida em uma motocicleta vermelha.<\/p>\n<p>Foram realizadas dilig\u00eancias e guardas municipais de tr\u00e2nsito solicitaram apoio para abordar uma dupla com caracter\u00edsticas semelhantes \u00e0s dos assaltantes no Carneiro, comunidade da zona rural da cidade. Ao trafegar em alta velocidade, os envolvidos acabaram perdendo o controle da moto em um quebra mola.<\/p>\n<p>Ao fazer a revista, foram encontrados com eles um rev\u00f3lver calibre .38, nove muni\u00e7\u00f5es e uma bolsa com diversos objetos roubados no estabelecimento comercial: R$\u00a06.000,00 em rel\u00f3gios, R$ 6.200,00 em alian\u00e7as, R$ 3.700,00 em pulseiras, R$ 3.820,00 em correntes, R$ 630,00 em pingentes e R$ 2.880,00 em colares religiosos, al\u00e9m de dois celulares.<\/p>\n<p>Foi constatado que os suspeitos s\u00e3o primos e que o garupa possui antecedentes criminais e foi apresentado na Delegacia de Pol\u00edcia Civil de Arcoverde. O piloto sofreu fratura exposta na queda da moto e est\u00e1 custodiado em uma unidade de sa\u00fade. Foto: Divulga\u00e7\u00e3o\/PMPE<br \/>\nSeja seguidor do Instagram do Blog pelo @blogdoedvaldomagalhaes<\/p>\n","protected":false},"excerpt":{"rendered":"<p>Em a\u00e7\u00e3o r\u00e1pida, policiais militares do 3\u00ba BPM prenderam dois homens que, poucas horas antes, haviam assaltado uma loja de&hellip;<\/p>\n","protected":false},"author":1,"featured_media":121425,"comment_status":"closed","ping_status":"open","sticky":false,"template":"","format":"standard","meta":{"footnotes":""},"categories":[14121],"tags":[30592,27410,13146,28801,34242],"class_list":["post-121424","post","type-post","status-publish","format-standard","has-post-thumbnail","hentry","category-policial","tag-blog-com-mais-seguidores","tag-blog-de-caruaru","tag-blog-edvaldo-magalhaes","tag-blog-mais-acessado","tag-dupla-e-presa-apos-roubo-a-loja-de-joias"],"_links":{"self":[{"href":"https:\/\/blogdoedvaldomagalhaes.com.br\/index.php\/wp-json\/wp\/v2\/posts\/121424","targetHints":{"allow":["GET"]}}],"collection":[{"href":"https:\/\/blogdoedvaldomagalhaes.com.br\/index.php\/wp-json\/wp\/v2\/posts"}],"about":[{"href":"https:\/\/blogdoedvaldomagalhaes.com.br\/index.php\/wp-json\/wp\/v2\/types\/post"}],"author":[{"embeddable":true,"href":"https:\/\/blogdoedvaldomagalhaes.com.br\/index.php\/wp-json\/wp\/v2\/users\/1"}],"replies":[{"embeddable":true,"href":"https:\/\/blogdoedvaldomagalhaes.com.br\/index.php\/wp-json\/wp\/v2\/comments?post=121424"}],"version-history":[{"count":1,"href":"https:\/\/blogdoedvaldomagalhaes.com.br\/index.php\/wp-json\/wp\/v2\/posts\/121424\/revisions"}],"predecessor-version":[{"id":121426,"href":"https:\/\/blogdoedvaldomagalhaes.com.br\/index.php\/wp-json\/wp\/v2\/posts\/121424\/revisions\/121426"}],"wp:featuredmedia":[{"embeddable":true,"href":"https:\/\/blogdoedvaldomagalhaes.com.br\/index.php\/wp-json\/wp\/v2\/media\/121425"}],"wp:attachment":[{"href":"https:\/\/blogdoedvaldomagalhaes.com.br\/index.php\/wp-json\/wp\/v2\/media?parent=121424"}],"wp:term":[{"taxonomy":"category","embeddable":true,"href":"https:\/\/blogdoedvaldomagalhaes.com.br\/index.php\/wp-json\/wp\/v2\/categories?post=121424"},{"taxonomy":"post_tag","embeddable":true,"href":"https:\/\/blogdoedvaldomagalhaes.com.br\/index.php\/wp-json\/wp\/v2\/tags?post=121424"}],"curies":[{"name":"wp","href":"https:\/\/api.w.org\/{rel}","templated":true}]}}