{"id":121421,"date":"2025-07-23T20:53:52","date_gmt":"2025-07-23T23:53:52","guid":{"rendered":"https:\/\/blogdoedvaldomagalhaes.com.br\/?p=121421"},"modified":"2025-07-23T20:53:52","modified_gmt":"2025-07-23T23:53:52","slug":"pm-apreende-grande-arsenal-de-armas","status":"publish","type":"post","link":"https:\/\/blogdoedvaldomagalhaes.com.br\/index.php\/2025\/07\/23\/pm-apreende-grande-arsenal-de-armas\/","title":{"rendered":"PM apreende grande arsenal de armas"},"content":{"rendered":"<p>Um homem foi preso, na tarde de ontem (22.07), e um verdadeiro arsenal de arma de fogo apreendido em uma oficina localizada em S\u00e3o Louren\u00e7o da Mata. Policiais militares do 20\u00ba BPM receberam uma den\u00fancia de que o suspeito estaria em posse de duas armas de fogo no bairro de Muribara.<\/p>\n<p>O efetivo seguiu ao local e conseguiu visualizar duas espingardas no interior da oficina, que estava de portas abertas. De imediato os policiais procederam abordagem ao homem, que informou ser armeiro. Na a\u00e7\u00e3o foram apreendidos um rev\u00f3lver cal. .38 carregado, duas espingardas artesanais, uma espingarda cal. .32, um rifle cal. .22, uma coronha de espingarda, dois canos de espingarda, 11 canos de rev\u00f3lver, quatro c\u00e3es de rev\u00f3lver, 29 molas, um guarda-mato, aproximadamente 6kg de p\u00f3lvora e 500g de chumbo, al\u00e9m de R$ 50.000,00 (cinquenta mil reais) em esp\u00e9cie.<\/p>\n<p>O suspeito e todo o material apreendido foram conduzidos \u00e0 DP de Camaragibe para serem tomadas as medidas legais cab\u00edveis. Foto: Divulga\u00e7\u00e3o\/PMPE<br \/>\nSiga o Instagram do Blog pelo @blogdoedvaldomagalhaes<\/p>\n","protected":false},"excerpt":{"rendered":"<p>Um homem foi preso, na tarde de ontem (22.07), e um verdadeiro arsenal de arma de fogo apreendido em uma&hellip;<\/p>\n","protected":false},"author":1,"featured_media":121422,"comment_status":"closed","ping_status":"open","sticky":false,"template":"","format":"standard","meta":{"footnotes":""},"categories":[14121],"tags":[29440,27410,2,28801,34241],"class_list":["post-121421","post","type-post","status-publish","format-standard","has-post-thumbnail","hentry","category-policial","tag-blog-com-mais-visualizacao","tag-blog-de-caruaru","tag-blog-do-edvaldo-magalhaes","tag-blog-mais-acessado","tag-pm-apreende-grande-arsenal-de-armas"],"_links":{"self":[{"href":"https:\/\/blogdoedvaldomagalhaes.com.br\/index.php\/wp-json\/wp\/v2\/posts\/121421","targetHints":{"allow":["GET"]}}],"collection":[{"href":"https:\/\/blogdoedvaldomagalhaes.com.br\/index.php\/wp-json\/wp\/v2\/posts"}],"about":[{"href":"https:\/\/blogdoedvaldomagalhaes.com.br\/index.php\/wp-json\/wp\/v2\/types\/post"}],"author":[{"embeddable":true,"href":"https:\/\/blogdoedvaldomagalhaes.com.br\/index.php\/wp-json\/wp\/v2\/users\/1"}],"replies":[{"embeddable":true,"href":"https:\/\/blogdoedvaldomagalhaes.com.br\/index.php\/wp-json\/wp\/v2\/comments?post=121421"}],"version-history":[{"count":1,"href":"https:\/\/blogdoedvaldomagalhaes.com.br\/index.php\/wp-json\/wp\/v2\/posts\/121421\/revisions"}],"predecessor-version":[{"id":121423,"href":"https:\/\/blogdoedvaldomagalhaes.com.br\/index.php\/wp-json\/wp\/v2\/posts\/121421\/revisions\/121423"}],"wp:featuredmedia":[{"embeddable":true,"href":"https:\/\/blogdoedvaldomagalhaes.com.br\/index.php\/wp-json\/wp\/v2\/media\/121422"}],"wp:attachment":[{"href":"https:\/\/blogdoedvaldomagalhaes.com.br\/index.php\/wp-json\/wp\/v2\/media?parent=121421"}],"wp:term":[{"taxonomy":"category","embeddable":true,"href":"https:\/\/blogdoedvaldomagalhaes.com.br\/index.php\/wp-json\/wp\/v2\/categories?post=121421"},{"taxonomy":"post_tag","embeddable":true,"href":"https:\/\/blogdoedvaldomagalhaes.com.br\/index.php\/wp-json\/wp\/v2\/tags?post=121421"}],"curies":[{"name":"wp","href":"https:\/\/api.w.org\/{rel}","templated":true}]}}