{"id":121419,"date":"2025-07-23T15:41:26","date_gmt":"2025-07-23T18:41:26","guid":{"rendered":"https:\/\/blogdoedvaldomagalhaes.com.br\/?p=121419"},"modified":"2025-07-23T15:41:26","modified_gmt":"2025-07-23T18:41:26","slug":"sede-do-bairro-agamenon-magalhaes-volta-para-as-maos-de-quem-e-de-direito-o-povo","status":"publish","type":"post","link":"https:\/\/blogdoedvaldomagalhaes.com.br\/index.php\/2025\/07\/23\/sede-do-bairro-agamenon-magalhaes-volta-para-as-maos-de-quem-e-de-direito-o-povo\/","title":{"rendered":"Sede do bairro Agamenon Magalh\u00e3es volta para as m\u00e3os de quem \u00e9 de direito: o povo!"},"content":{"rendered":"<p>Caruaru amanheceu com um motivo a mais para se orgulhar. Depois de anos de luta, de cobran\u00e7a e de esperan\u00e7a, o bairro Agamenon Magalh\u00e3es celebra a retomada da sede que sempre pertenceu ao seu povo. Um pr\u00e9dio hist\u00f3rico, erguido com o suor e a dedica\u00e7\u00e3o de cada morador, agora volta a ser um ponto de encontro, de uni\u00e3o e de conquistas para toda a comunidade.<\/p>\n<p>Foram dias e noites de muito trabalho, articula\u00e7\u00e3o e di\u00e1logo. O vereador J\u00fanior Letal foi incans\u00e1vel na defesa do que \u00e9 justo para essa comunidade!<\/p>\n<p>\u201cObrigado, governadora Raquel Lyra, pelo olhar sens\u00edvel e pela parceria com o nosso povo. Obrigado, amigo Pereira, pelo apoio em cada passo dessa caminhada, gratid\u00e3o amigo vereador Anderson Correia por sua indica\u00e7\u00e3o ao Governo do Estado e um agradecimento especial ao presidente da Perpart, Francisco (Chico) que compreendeu a import\u00e2ncia desse pr\u00e9dio para a hist\u00f3ria do nosso bairro e nos concedeu a se\u00e7\u00e3o deste espa\u00e7o.\u201d<\/p>\n<p>O pr\u00e9dio do bairro Agamenon Magalh\u00e3es n\u00e3o \u00e9 apenas tijolo e cimento. \u00c9 mem\u00f3ria, \u00e9 luta, \u00e9 hist\u00f3ria viva de um povo que nunca desistiu. Cada parede carrega o suor de quem ajudou a construir, este pr\u00e9dio guarda sonhos e projetos de gera\u00e7\u00f5es.<\/p>\n<p>&#8220;Hoje, podemos dizer em alto e bom som: a sede voltou para as m\u00e3os do povo! E essa conquista ser\u00e1 lembrada para sempre como um marco na trajet\u00f3ria do bairro Agamenon Magalh\u00e3es. Com carinho e gratid\u00e3o,<br \/>\nUm forte abra\u00e7o e um beijo no cora\u00e7\u00e3o do vereador dos caruaruenses&#8221;, afirmou J\u00fanior Letal.<br \/>\nSeja seguidor do Instagram do Blog pelo @blogdoedvaldomagalhaes<br \/>\nFoto: Divulga\u00e7\u00e3o <\/p>\n","protected":false},"excerpt":{"rendered":"<p>Caruaru amanheceu com um motivo a mais para se orgulhar. Depois de anos de luta, de cobran\u00e7a e de esperan\u00e7a,&hellip;<\/p>\n","protected":false},"author":1,"featured_media":121417,"comment_status":"closed","ping_status":"open","sticky":false,"template":"","format":"standard","meta":{"footnotes":""},"categories":[14122],"tags":[28803,27410,2,28801,20,34240],"class_list":["post-121419","post","type-post","status-publish","format-standard","has-post-thumbnail","hentry","category-politica","tag-blog-com-mais-visualizacoes","tag-blog-de-caruaru","tag-blog-do-edvaldo-magalhaes","tag-blog-mais-acessado","tag-politica","tag-sede-do-bairro-agamenon-magalhaes-volta-para-as-maos-de-quem-e-de-direito-o-povo"],"_links":{"self":[{"href":"https:\/\/blogdoedvaldomagalhaes.com.br\/index.php\/wp-json\/wp\/v2\/posts\/121419","targetHints":{"allow":["GET"]}}],"collection":[{"href":"https:\/\/blogdoedvaldomagalhaes.com.br\/index.php\/wp-json\/wp\/v2\/posts"}],"about":[{"href":"https:\/\/blogdoedvaldomagalhaes.com.br\/index.php\/wp-json\/wp\/v2\/types\/post"}],"author":[{"embeddable":true,"href":"https:\/\/blogdoedvaldomagalhaes.com.br\/index.php\/wp-json\/wp\/v2\/users\/1"}],"replies":[{"embeddable":true,"href":"https:\/\/blogdoedvaldomagalhaes.com.br\/index.php\/wp-json\/wp\/v2\/comments?post=121419"}],"version-history":[{"count":1,"href":"https:\/\/blogdoedvaldomagalhaes.com.br\/index.php\/wp-json\/wp\/v2\/posts\/121419\/revisions"}],"predecessor-version":[{"id":121420,"href":"https:\/\/blogdoedvaldomagalhaes.com.br\/index.php\/wp-json\/wp\/v2\/posts\/121419\/revisions\/121420"}],"wp:featuredmedia":[{"embeddable":true,"href":"https:\/\/blogdoedvaldomagalhaes.com.br\/index.php\/wp-json\/wp\/v2\/media\/121417"}],"wp:attachment":[{"href":"https:\/\/blogdoedvaldomagalhaes.com.br\/index.php\/wp-json\/wp\/v2\/media?parent=121419"}],"wp:term":[{"taxonomy":"category","embeddable":true,"href":"https:\/\/blogdoedvaldomagalhaes.com.br\/index.php\/wp-json\/wp\/v2\/categories?post=121419"},{"taxonomy":"post_tag","embeddable":true,"href":"https:\/\/blogdoedvaldomagalhaes.com.br\/index.php\/wp-json\/wp\/v2\/tags?post=121419"}],"curies":[{"name":"wp","href":"https:\/\/api.w.org\/{rel}","templated":true}]}}