{"id":121413,"date":"2025-07-22T20:57:28","date_gmt":"2025-07-22T23:57:28","guid":{"rendered":"https:\/\/blogdoedvaldomagalhaes.com.br\/?p=121413"},"modified":"2025-07-22T20:57:28","modified_gmt":"2025-07-22T23:57:28","slug":"projeto-meu-amigao-volta-ao-marco-zero-com-nova-edicao-para-adocao-de-pets","status":"publish","type":"post","link":"https:\/\/blogdoedvaldomagalhaes.com.br\/index.php\/2025\/07\/22\/projeto-meu-amigao-volta-ao-marco-zero-com-nova-edicao-para-adocao-de-pets\/","title":{"rendered":"Projeto \u201cMeu Amig\u00e3o\u201d volta ao Marco Zero com nova edi\u00e7\u00e3o para ado\u00e7\u00e3o de pets"},"content":{"rendered":"<p>A Secretaria de Sustentabilidade e Bem-Estar Animal (SSB) e da AME Animal, realizar\u00e1 nesta quarta (23) e quinta-feira (24), no Marco Zero, mais uma edi\u00e7\u00e3o do projeto \u201cMeu Amig\u00e3o\u201d, a\u00e7\u00e3o que promove a ado\u00e7\u00e3o respons\u00e1vel de c\u00e3es e gatos. O evento tem in\u00edcio previsto para \u00e0s 9h.<\/p>\n<p>Os interessados em adotar devem ter 18 anos ou mais e apresentar RG, CPF e comprovante de resid\u00eancia. No local, ser\u00e1 necess\u00e1rio assinar um termo de responsabilidade, garantindo os cuidados e o bem-estar do animal adotado.<\/p>\n<p>Os animais dispon\u00edveis, entre filhotes e adultos, j\u00e1 foram vermifugados. Os adultos s\u00e3o entregues castrados, e os filhotes com a castra\u00e7\u00e3o agendada para o momento adequado, conforme a idade.<\/p>\n<p>Aqueles que n\u00e3o puderem comparecer ao evento t\u00eam a op\u00e7\u00e3o de adotar diretamente na sede da AME Animal, que conta com pets dispon\u00edveis ao longo de todo o ano. A unidade est\u00e1 localizada na Avenida R\u00e1dio Cultura do Nordeste, n\u00ba 1.000, bairro Indian\u00f3polis, funcionando de segunda a sexta-feira, das 8h \u00e0s 16h.<br \/>\nSeja seguidor do Instagram do Blog pelo @blogdoedvaldomagalhaes<br \/>\nFoto: Divulga\u00e7\u00e3o <\/p>\n","protected":false},"excerpt":{"rendered":"<p>A Secretaria de Sustentabilidade e Bem-Estar Animal (SSB) e da AME Animal, realizar\u00e1 nesta quarta (23) e quinta-feira (24), no&hellip;<\/p>\n","protected":false},"author":1,"featured_media":121414,"comment_status":"closed","ping_status":"open","sticky":false,"template":"","format":"standard","meta":{"footnotes":""},"categories":[14120],"tags":[30592,27410,2,28801,34238],"class_list":["post-121413","post","type-post","status-publish","format-standard","has-post-thumbnail","hentry","category-noticias","tag-blog-com-mais-seguidores","tag-blog-de-caruaru","tag-blog-do-edvaldo-magalhaes","tag-blog-mais-acessado","tag-projeto-meu-amigao-volta-ao-marco-zero-com-nova-edicao-para-adocao-de-pets"],"_links":{"self":[{"href":"https:\/\/blogdoedvaldomagalhaes.com.br\/index.php\/wp-json\/wp\/v2\/posts\/121413","targetHints":{"allow":["GET"]}}],"collection":[{"href":"https:\/\/blogdoedvaldomagalhaes.com.br\/index.php\/wp-json\/wp\/v2\/posts"}],"about":[{"href":"https:\/\/blogdoedvaldomagalhaes.com.br\/index.php\/wp-json\/wp\/v2\/types\/post"}],"author":[{"embeddable":true,"href":"https:\/\/blogdoedvaldomagalhaes.com.br\/index.php\/wp-json\/wp\/v2\/users\/1"}],"replies":[{"embeddable":true,"href":"https:\/\/blogdoedvaldomagalhaes.com.br\/index.php\/wp-json\/wp\/v2\/comments?post=121413"}],"version-history":[{"count":1,"href":"https:\/\/blogdoedvaldomagalhaes.com.br\/index.php\/wp-json\/wp\/v2\/posts\/121413\/revisions"}],"predecessor-version":[{"id":121415,"href":"https:\/\/blogdoedvaldomagalhaes.com.br\/index.php\/wp-json\/wp\/v2\/posts\/121413\/revisions\/121415"}],"wp:featuredmedia":[{"embeddable":true,"href":"https:\/\/blogdoedvaldomagalhaes.com.br\/index.php\/wp-json\/wp\/v2\/media\/121414"}],"wp:attachment":[{"href":"https:\/\/blogdoedvaldomagalhaes.com.br\/index.php\/wp-json\/wp\/v2\/media?parent=121413"}],"wp:term":[{"taxonomy":"category","embeddable":true,"href":"https:\/\/blogdoedvaldomagalhaes.com.br\/index.php\/wp-json\/wp\/v2\/categories?post=121413"},{"taxonomy":"post_tag","embeddable":true,"href":"https:\/\/blogdoedvaldomagalhaes.com.br\/index.php\/wp-json\/wp\/v2\/tags?post=121413"}],"curies":[{"name":"wp","href":"https:\/\/api.w.org\/{rel}","templated":true}]}}