{"id":121308,"date":"2025-07-19T18:01:45","date_gmt":"2025-07-19T21:01:45","guid":{"rendered":"https:\/\/blogdoedvaldomagalhaes.com.br\/?p=121308"},"modified":"2025-07-19T18:09:22","modified_gmt":"2025-07-19T21:09:22","slug":"campanha-da-caritas-brasileira-nordeste-2-alerta-para-a-emergencia-de-acao-global-em-defesa-da-terra","status":"publish","type":"post","link":"https:\/\/blogdoedvaldomagalhaes.com.br\/index.php\/2025\/07\/19\/campanha-da-caritas-brasileira-nordeste-2-alerta-para-a-emergencia-de-acao-global-em-defesa-da-terra\/","title":{"rendered":"Campanha da C\u00e1ritas Brasileira Nordeste 2 alerta para a emerg\u00eancia de a\u00e7\u00e3o global em defesa da Terra"},"content":{"rendered":"<p>_Lan\u00e7amento da Campanha \u201cNossa Casa Comum: sua a\u00e7\u00e3o faz a diferen\u00e7a no cuidado com o planeta\u201d ser\u00e1 no dia 20 de julho, no territ\u00f3rio dos Xukuru, em Pesqueira (PE)_<\/p>\n<p>No pr\u00f3ximo domingo, 20 de julho, a cidade de Pesqueira (PE) \u00e9 palco do lan\u00e7amento oficial da campanha \u201cNossa Casa Comum: sua a\u00e7\u00e3o faz a diferen\u00e7a no cuidado com o planeta\u201d. O evento acontece na Casa de Sementes M\u00e3e Zenilda Xukuru, um espa\u00e7o simb\u00f3lico de resist\u00eancia, que traz \u00e0 tona um dos objetivos da campanha: dar visibilidade aos povos que tecem outras formas de se relacionar com a natureza.<\/p>\n<p>Promovida pela C\u00e1ritas Brasileira Regional Nordeste 2 (CBNE2), em parceria com a institui\u00e7\u00e3o cat\u00f3lica alem\u00e3 Misereor e a Confedera\u00e7\u00e3o Nacional dos Bispos do Brasil (CNBB NE2), a campanha \u00e9 um chamado \u00e0 mobiliza\u00e7\u00e3o diante dos efeitos cada vez mais vis\u00edveis das mudan\u00e7as clim\u00e1ticas e das viola\u00e7\u00f5es aos direitos humanos e da natureza no territ\u00f3rio.<\/p>\n<p>O objetivo \u00e9 informar, formar e inspirar. Com a\u00e7\u00f5es educativas, rodas de di\u00e1logo, materiais formativos e narrativas reais que brotam dos territ\u00f3rios, busca motivar atitudes concretas de cuidado com o planeta e com os mais vulner\u00e1veis.<\/p>\n<p>Al\u00e9m das atividades presenciais, a campanha se desdobra em diferentes formatos. O podcast &#8220;Nossa Casa Comum&#8221;, em tr\u00eas epis\u00f3dios, j\u00e1 est\u00e1 dispon\u00edvel nas plataformas digitais (Spotify e Youtube). S\u00e3o hist\u00f3rias inspiradoras e entrevistas com representantes de povos origin\u00e1rios, quilombolas, camponeses, catadores de material recicl\u00e1vel, e organiza\u00e7\u00f5es comunit\u00e1rias. Gente que revela ser poss\u00edvel construir novas formas de vida e resistir \u00e0s amea\u00e7as dos grandes empreendimentos.<\/p>\n<p>O evento deste domingo marca tamb\u00e9m o lan\u00e7amento do primeiro epis\u00f3dio da Webs\u00e9rie \u201cNossa Casa Comum\u201d, dispon\u00edvel no canal do YouTube da CBNE2. S\u00e3o quatro epis\u00f3dios que mostram pr\u00e1ticas de enfrentamento \u00e0s mudan\u00e7as clim\u00e1ticas j\u00e1 em curso nas comunidades e no territ\u00f3rio do Nordeste 2, que abrange os estados de Alagoas, Para\u00edba, Pernambuco e Rio Grande do Norte.<\/p>\n<p>No primeiro epis\u00f3dio, os protagonistas s\u00e3o os povos origin\u00e1rios, com relatos dos povos Xukuru do Ororub\u00e1, em Pesqueira; e Xukuru Kariri, em Palmeira dos \u00cdndios (AL). Ao longo dos demais programas, outros personagens v\u00e3o revelando que o cuidado com a nossa Casa Comum come\u00e7a com pequenas a\u00e7\u00f5es e ganha for\u00e7a quando a caminhada \u00e9 coletiva.<\/p>\n<p>O lan\u00e7amento oficial da Campanha ser\u00e1 um momento de celebra\u00e7\u00e3o, di\u00e1logo e partilha de experi\u00eancias com representantes de comunidades, lideran\u00e7as populares, juventudes, organiza\u00e7\u00f5es sociais e sociedade civil. Uma oportunidade para conhecer de perto iniciativas transformadoras que j\u00e1 est\u00e3o acontecendo no Nordeste e ampliar o engajamento de quem quer fazer parte da mudan\u00e7a.<br \/>\nSeja seguidor do Instagram do Blog pelo @blogdoedvaldomagalhaes<\/p>\n<p><img loading=\"lazy\" decoding=\"async\" src=\"https:\/\/blogdoedvaldomagalhaes.com.br\/wp-content\/uploads\/2025\/07\/img-20250719-wa01273978932621120812499.jpg\" class=\"wp-image-121311 alignnone size-full\" width=\"1600\" height=\"1200\" srcset=\"https:\/\/blogdoedvaldomagalhaes.com.br\/wp-content\/uploads\/2025\/07\/img-20250719-wa01273978932621120812499.jpg 1600w, https:\/\/blogdoedvaldomagalhaes.com.br\/wp-content\/uploads\/2025\/07\/img-20250719-wa01273978932621120812499-300x225.jpg 300w, https:\/\/blogdoedvaldomagalhaes.com.br\/wp-content\/uploads\/2025\/07\/img-20250719-wa01273978932621120812499-1024x768.jpg 1024w, https:\/\/blogdoedvaldomagalhaes.com.br\/wp-content\/uploads\/2025\/07\/img-20250719-wa01273978932621120812499-768x576.jpg 768w, https:\/\/blogdoedvaldomagalhaes.com.br\/wp-content\/uploads\/2025\/07\/img-20250719-wa01273978932621120812499-1536x1152.jpg 1536w, https:\/\/blogdoedvaldomagalhaes.com.br\/wp-content\/uploads\/2025\/07\/img-20250719-wa01273978932621120812499-160x120.jpg 160w\" sizes=\"auto, (max-width: 1600px) 100vw, 1600px\" \/><img loading=\"lazy\" decoding=\"async\" src=\"https:\/\/blogdoedvaldomagalhaes.com.br\/wp-content\/uploads\/2025\/07\/img-20250719-wa01284946809015102617764.jpg\" class=\"wp-image-121312 alignnone size-full\" width=\"1280\" height=\"960\" srcset=\"https:\/\/blogdoedvaldomagalhaes.com.br\/wp-content\/uploads\/2025\/07\/img-20250719-wa01284946809015102617764.jpg 1280w, https:\/\/blogdoedvaldomagalhaes.com.br\/wp-content\/uploads\/2025\/07\/img-20250719-wa01284946809015102617764-300x225.jpg 300w, https:\/\/blogdoedvaldomagalhaes.com.br\/wp-content\/uploads\/2025\/07\/img-20250719-wa01284946809015102617764-1024x768.jpg 1024w, https:\/\/blogdoedvaldomagalhaes.com.br\/wp-content\/uploads\/2025\/07\/img-20250719-wa01284946809015102617764-768x576.jpg 768w, https:\/\/blogdoedvaldomagalhaes.com.br\/wp-content\/uploads\/2025\/07\/img-20250719-wa01284946809015102617764-160x120.jpg 160w\" sizes=\"auto, (max-width: 1280px) 100vw, 1280px\" \/><\/p>\n<p>Foto: Divulga\u00e7\u00e3o<\/p>\n","protected":false},"excerpt":{"rendered":"<p>_Lan\u00e7amento da Campanha \u201cNossa Casa Comum: sua a\u00e7\u00e3o faz a diferen\u00e7a no cuidado com o planeta\u201d ser\u00e1 no dia 20&hellip;<\/p>\n","protected":false},"author":1,"featured_media":121309,"comment_status":"closed","ping_status":"open","sticky":false,"template":"","format":"standard","meta":{"footnotes":""},"categories":[14120],"tags":[28803,27410,2,28801,34206],"class_list":["post-121308","post","type-post","status-publish","format-standard","has-post-thumbnail","hentry","category-noticias","tag-blog-com-mais-visualizacoes","tag-blog-de-caruaru","tag-blog-do-edvaldo-magalhaes","tag-blog-mais-acessado","tag-campanha-da-caritas-brasileira-nordeste-2-alerta-para-a-emergencia-de-acao-global-em-defesa-da-terra"],"_links":{"self":[{"href":"https:\/\/blogdoedvaldomagalhaes.com.br\/index.php\/wp-json\/wp\/v2\/posts\/121308","targetHints":{"allow":["GET"]}}],"collection":[{"href":"https:\/\/blogdoedvaldomagalhaes.com.br\/index.php\/wp-json\/wp\/v2\/posts"}],"about":[{"href":"https:\/\/blogdoedvaldomagalhaes.com.br\/index.php\/wp-json\/wp\/v2\/types\/post"}],"author":[{"embeddable":true,"href":"https:\/\/blogdoedvaldomagalhaes.com.br\/index.php\/wp-json\/wp\/v2\/users\/1"}],"replies":[{"embeddable":true,"href":"https:\/\/blogdoedvaldomagalhaes.com.br\/index.php\/wp-json\/wp\/v2\/comments?post=121308"}],"version-history":[{"count":2,"href":"https:\/\/blogdoedvaldomagalhaes.com.br\/index.php\/wp-json\/wp\/v2\/posts\/121308\/revisions"}],"predecessor-version":[{"id":121313,"href":"https:\/\/blogdoedvaldomagalhaes.com.br\/index.php\/wp-json\/wp\/v2\/posts\/121308\/revisions\/121313"}],"wp:featuredmedia":[{"embeddable":true,"href":"https:\/\/blogdoedvaldomagalhaes.com.br\/index.php\/wp-json\/wp\/v2\/media\/121309"}],"wp:attachment":[{"href":"https:\/\/blogdoedvaldomagalhaes.com.br\/index.php\/wp-json\/wp\/v2\/media?parent=121308"}],"wp:term":[{"taxonomy":"category","embeddable":true,"href":"https:\/\/blogdoedvaldomagalhaes.com.br\/index.php\/wp-json\/wp\/v2\/categories?post=121308"},{"taxonomy":"post_tag","embeddable":true,"href":"https:\/\/blogdoedvaldomagalhaes.com.br\/index.php\/wp-json\/wp\/v2\/tags?post=121308"}],"curies":[{"name":"wp","href":"https:\/\/api.w.org\/{rel}","templated":true}]}}