{"id":121304,"date":"2025-07-19T13:06:06","date_gmt":"2025-07-19T16:06:06","guid":{"rendered":"https:\/\/blogdoedvaldomagalhaes.com.br\/?p=121304"},"modified":"2025-07-19T13:06:06","modified_gmt":"2025-07-19T16:06:06","slug":"prf-detem-homem-pela-terceira-vez-por-receptacao-de-veiculo","status":"publish","type":"post","link":"https:\/\/blogdoedvaldomagalhaes.com.br\/index.php\/2025\/07\/19\/prf-detem-homem-pela-terceira-vez-por-receptacao-de-veiculo\/","title":{"rendered":"PRF det\u00e9m homem pela terceira vez por recepta\u00e7\u00e3o de ve\u00edculo"},"content":{"rendered":"<p>Um homem de 24 anos que estava em um carro furtado foi detido pela terceira vez por recepta\u00e7\u00e3o de ve\u00edculo, na noite de sexta-feira (18), na BR 423, em Garanhuns, no Agreste de Pernambuco. O flagrante foi realizado durante a Opera\u00e7\u00e3o Festival de Inverno da Pol\u00edcia Rodovi\u00e1ria Federal (PRF).<\/p>\n<p>O ve\u00edculo utilit\u00e1rio chamou a aten\u00e7\u00e3o dos policiais, pois transitava sem o pneu estepe que deveria estar afixado na tampa do porta-malas. Durante a abordagem, a equipe verificou que a placa do ve\u00edculo apresentava adultera\u00e7\u00f5es e descobriu que o carro havia sido furtado em Macei\u00f3\/AL, no ano de 2015.<\/p>\n<p>O motorista alegou que havia acabado de adquirir o ve\u00edculo por R$19,3 mil em Caruaru. Em consulta, a equipe descobriu que ele j\u00e1 possu\u00eda outras duas passagens na pol\u00edcia pelo mesmo crime.<\/p>\n<p>O homem foi encaminhado junto com o carro \u00e0 Delegacia de Pol\u00edcia Civil de Garanhuns.<br \/>\nSeja seguidor do Instagram do Blog pelo @blogdoedvaldomagalhaes<br \/>\nFoto: Divulga\u00e7\u00e3o\/PRF<\/p>\n","protected":false},"excerpt":{"rendered":"<p>Um homem de 24 anos que estava em um carro furtado foi detido pela terceira vez por recepta\u00e7\u00e3o de ve\u00edculo,&hellip;<\/p>\n","protected":false},"author":1,"featured_media":121305,"comment_status":"closed","ping_status":"open","sticky":false,"template":"","format":"standard","meta":{"footnotes":""},"categories":[14121],"tags":[30592,27410,2,28801,34205],"class_list":["post-121304","post","type-post","status-publish","format-standard","has-post-thumbnail","hentry","category-policial","tag-blog-com-mais-seguidores","tag-blog-de-caruaru","tag-blog-do-edvaldo-magalhaes","tag-blog-mais-acessado","tag-prf-detem-homem-pela-terceira-vez-por-receptacao-de-veiculo"],"_links":{"self":[{"href":"https:\/\/blogdoedvaldomagalhaes.com.br\/index.php\/wp-json\/wp\/v2\/posts\/121304","targetHints":{"allow":["GET"]}}],"collection":[{"href":"https:\/\/blogdoedvaldomagalhaes.com.br\/index.php\/wp-json\/wp\/v2\/posts"}],"about":[{"href":"https:\/\/blogdoedvaldomagalhaes.com.br\/index.php\/wp-json\/wp\/v2\/types\/post"}],"author":[{"embeddable":true,"href":"https:\/\/blogdoedvaldomagalhaes.com.br\/index.php\/wp-json\/wp\/v2\/users\/1"}],"replies":[{"embeddable":true,"href":"https:\/\/blogdoedvaldomagalhaes.com.br\/index.php\/wp-json\/wp\/v2\/comments?post=121304"}],"version-history":[{"count":1,"href":"https:\/\/blogdoedvaldomagalhaes.com.br\/index.php\/wp-json\/wp\/v2\/posts\/121304\/revisions"}],"predecessor-version":[{"id":121306,"href":"https:\/\/blogdoedvaldomagalhaes.com.br\/index.php\/wp-json\/wp\/v2\/posts\/121304\/revisions\/121306"}],"wp:featuredmedia":[{"embeddable":true,"href":"https:\/\/blogdoedvaldomagalhaes.com.br\/index.php\/wp-json\/wp\/v2\/media\/121305"}],"wp:attachment":[{"href":"https:\/\/blogdoedvaldomagalhaes.com.br\/index.php\/wp-json\/wp\/v2\/media?parent=121304"}],"wp:term":[{"taxonomy":"category","embeddable":true,"href":"https:\/\/blogdoedvaldomagalhaes.com.br\/index.php\/wp-json\/wp\/v2\/categories?post=121304"},{"taxonomy":"post_tag","embeddable":true,"href":"https:\/\/blogdoedvaldomagalhaes.com.br\/index.php\/wp-json\/wp\/v2\/tags?post=121304"}],"curies":[{"name":"wp","href":"https:\/\/api.w.org\/{rel}","templated":true}]}}