{"id":121301,"date":"2025-07-19T11:06:25","date_gmt":"2025-07-19T14:06:25","guid":{"rendered":"https:\/\/blogdoedvaldomagalhaes.com.br\/?p=121301"},"modified":"2025-07-19T11:06:25","modified_gmt":"2025-07-19T14:06:25","slug":"um-sonho-grande-para-caruaru-junior-letal-luta-por-um-teleferico-que-vai-mudar-a-historia-da-cidade","status":"publish","type":"post","link":"https:\/\/blogdoedvaldomagalhaes.com.br\/index.php\/2025\/07\/19\/um-sonho-grande-para-caruaru-junior-letal-luta-por-um-teleferico-que-vai-mudar-a-historia-da-cidade\/","title":{"rendered":"Um Sonho Grande Para Caruaru: J\u00fanior Letal Luta por um Telef\u00e9rico que Vai Mudar a Hist\u00f3ria da Cidade"},"content":{"rendered":"<p>O vereador J\u00fanior Letal esteve em Campos do Jord\u00e3o para conhecer de perto um equipamento que transformou o turismo e a economia local: o telef\u00e9rico. Ele voltou ainda mais motivado a lutar por um projeto que pode revolucionar Caruaru, ligando o Monte Bom Jesus \u00e0 Feira da cidade.<\/p>\n<p>Com olhar vision\u00e1rio e cora\u00e7\u00e3o cheio de amor por Caruaru, J\u00fanior Letal j\u00e1 iniciou articula\u00e7\u00f5es junto ao Minist\u00e9rio do Turismo e busca parcerias com a iniciativa privada. Ele sabe que um telef\u00e9rico n\u00e3o \u00e9 apenas um transporte \u2014 \u00e9 um s\u00edmbolo de progresso, capaz de gerar empregos, oportunidades e trazer um novo tempo para o nosso Agreste pernambucano.<\/p>\n<p>J\u00fanior Letal acredita, sonha e trabalha todos os dias para que Caruaru tenha um futuro \u00e0 altura do seu povo guerreiro.<br \/>\nSiga o Instagram do Blog pelo @blogdoedvaldomagalhaes<br \/>\nFoto: Divulga\u00e7\u00e3o <\/p>\n","protected":false},"excerpt":{"rendered":"<p>O vereador J\u00fanior Letal esteve em Campos do Jord\u00e3o para conhecer de perto um equipamento que transformou o turismo e&hellip;<\/p>\n","protected":false},"author":1,"featured_media":121302,"comment_status":"closed","ping_status":"open","sticky":false,"template":"","format":"standard","meta":{"footnotes":""},"categories":[14122],"tags":[29440,27410,2,28801,20,34204],"class_list":["post-121301","post","type-post","status-publish","format-standard","has-post-thumbnail","hentry","category-politica","tag-blog-com-mais-visualizacao","tag-blog-de-caruaru","tag-blog-do-edvaldo-magalhaes","tag-blog-mais-acessado","tag-politica","tag-um-sonho-grande-para-caruaru-junior-letal-luta-por-um-teleferico-que-vai-mudar-a-historia-da-cidade"],"_links":{"self":[{"href":"https:\/\/blogdoedvaldomagalhaes.com.br\/index.php\/wp-json\/wp\/v2\/posts\/121301","targetHints":{"allow":["GET"]}}],"collection":[{"href":"https:\/\/blogdoedvaldomagalhaes.com.br\/index.php\/wp-json\/wp\/v2\/posts"}],"about":[{"href":"https:\/\/blogdoedvaldomagalhaes.com.br\/index.php\/wp-json\/wp\/v2\/types\/post"}],"author":[{"embeddable":true,"href":"https:\/\/blogdoedvaldomagalhaes.com.br\/index.php\/wp-json\/wp\/v2\/users\/1"}],"replies":[{"embeddable":true,"href":"https:\/\/blogdoedvaldomagalhaes.com.br\/index.php\/wp-json\/wp\/v2\/comments?post=121301"}],"version-history":[{"count":1,"href":"https:\/\/blogdoedvaldomagalhaes.com.br\/index.php\/wp-json\/wp\/v2\/posts\/121301\/revisions"}],"predecessor-version":[{"id":121303,"href":"https:\/\/blogdoedvaldomagalhaes.com.br\/index.php\/wp-json\/wp\/v2\/posts\/121301\/revisions\/121303"}],"wp:featuredmedia":[{"embeddable":true,"href":"https:\/\/blogdoedvaldomagalhaes.com.br\/index.php\/wp-json\/wp\/v2\/media\/121302"}],"wp:attachment":[{"href":"https:\/\/blogdoedvaldomagalhaes.com.br\/index.php\/wp-json\/wp\/v2\/media?parent=121301"}],"wp:term":[{"taxonomy":"category","embeddable":true,"href":"https:\/\/blogdoedvaldomagalhaes.com.br\/index.php\/wp-json\/wp\/v2\/categories?post=121301"},{"taxonomy":"post_tag","embeddable":true,"href":"https:\/\/blogdoedvaldomagalhaes.com.br\/index.php\/wp-json\/wp\/v2\/tags?post=121301"}],"curies":[{"name":"wp","href":"https:\/\/api.w.org\/{rel}","templated":true}]}}