{"id":121148,"date":"2025-07-13T15:03:35","date_gmt":"2025-07-13T18:03:35","guid":{"rendered":"https:\/\/blogdoedvaldomagalhaes.com.br\/?p=121148"},"modified":"2025-07-13T15:03:35","modified_gmt":"2025-07-13T18:03:35","slug":"pmpe-apreende-menor-suspeito-de-assalto","status":"publish","type":"post","link":"https:\/\/blogdoedvaldomagalhaes.com.br\/index.php\/2025\/07\/13\/pmpe-apreende-menor-suspeito-de-assalto\/","title":{"rendered":"PMPE apreende menor suspeito de assalto"},"content":{"rendered":"<p>Policiais militares do 19\u00ba BPM apreenderam um menor na tarde deste s\u00e1bado (12), suspeito de participar de um assalto na avenida Boa Viagem. O efetivo foi acionado para a ocorr\u00eancia e, com base em imagens da a\u00e7\u00e3o, localizou o suspeito na comunidade do Bode, no bairro do Pina.<\/p>\n<p>Na a\u00e7\u00e3o, o menor indicou onde havia escondido o simulacro de arma de fogo usado na a\u00e7\u00e3o. A v\u00edtima e o menor foram conduzidos \u00e0 DPCA, junto com o material apreendido, para ado\u00e7\u00e3o das medidas cab\u00edveis.<br \/>\nSiga o Instagram do Blog pelo @blogdoedvaldomagalhaes<br \/>\nFoto: Divulga\u00e7\u00e3o\/PMPE <\/p>\n","protected":false},"excerpt":{"rendered":"<p>Policiais militares do 19\u00ba BPM apreenderam um menor na tarde deste s\u00e1bado (12), suspeito de participar de um assalto na&hellip;<\/p>\n","protected":false},"author":1,"featured_media":121149,"comment_status":"closed","ping_status":"open","sticky":false,"template":"","format":"standard","meta":{"footnotes":""},"categories":[14121],"tags":[30253,29440,13146,28801,34150],"class_list":["post-121148","post","type-post","status-publish","format-standard","has-post-thumbnail","hentry","category-policial","tag-blog-caruaru","tag-blog-com-mais-visualizacao","tag-blog-edvaldo-magalhaes","tag-blog-mais-acessado","tag-pmpe-apreende-menor-suspeito-de-assalto"],"_links":{"self":[{"href":"https:\/\/blogdoedvaldomagalhaes.com.br\/index.php\/wp-json\/wp\/v2\/posts\/121148","targetHints":{"allow":["GET"]}}],"collection":[{"href":"https:\/\/blogdoedvaldomagalhaes.com.br\/index.php\/wp-json\/wp\/v2\/posts"}],"about":[{"href":"https:\/\/blogdoedvaldomagalhaes.com.br\/index.php\/wp-json\/wp\/v2\/types\/post"}],"author":[{"embeddable":true,"href":"https:\/\/blogdoedvaldomagalhaes.com.br\/index.php\/wp-json\/wp\/v2\/users\/1"}],"replies":[{"embeddable":true,"href":"https:\/\/blogdoedvaldomagalhaes.com.br\/index.php\/wp-json\/wp\/v2\/comments?post=121148"}],"version-history":[{"count":1,"href":"https:\/\/blogdoedvaldomagalhaes.com.br\/index.php\/wp-json\/wp\/v2\/posts\/121148\/revisions"}],"predecessor-version":[{"id":121150,"href":"https:\/\/blogdoedvaldomagalhaes.com.br\/index.php\/wp-json\/wp\/v2\/posts\/121148\/revisions\/121150"}],"wp:featuredmedia":[{"embeddable":true,"href":"https:\/\/blogdoedvaldomagalhaes.com.br\/index.php\/wp-json\/wp\/v2\/media\/121149"}],"wp:attachment":[{"href":"https:\/\/blogdoedvaldomagalhaes.com.br\/index.php\/wp-json\/wp\/v2\/media?parent=121148"}],"wp:term":[{"taxonomy":"category","embeddable":true,"href":"https:\/\/blogdoedvaldomagalhaes.com.br\/index.php\/wp-json\/wp\/v2\/categories?post=121148"},{"taxonomy":"post_tag","embeddable":true,"href":"https:\/\/blogdoedvaldomagalhaes.com.br\/index.php\/wp-json\/wp\/v2\/tags?post=121148"}],"curies":[{"name":"wp","href":"https:\/\/api.w.org\/{rel}","templated":true}]}}