{"id":121145,"date":"2025-07-13T14:58:48","date_gmt":"2025-07-13T17:58:48","guid":{"rendered":"https:\/\/blogdoedvaldomagalhaes.com.br\/?p=121145"},"modified":"2025-07-13T14:58:48","modified_gmt":"2025-07-13T17:58:48","slug":"pm-prende-dois-suspeitos-apos-assalto-com-faca","status":"publish","type":"post","link":"https:\/\/blogdoedvaldomagalhaes.com.br\/index.php\/2025\/07\/13\/pm-prende-dois-suspeitos-apos-assalto-com-faca\/","title":{"rendered":"PM prende dois suspeitos ap\u00f3s assalto com faca"},"content":{"rendered":"<p>Policiais militares do 16\u00ba BPM prenderam dois homens em flagrante na madrugada deste s\u00e1bado (13), ap\u00f3s um assalto na avenida Dantas Barreto, no bairro de Santo Ant\u00f4nio. Durante rondas na \u00e1rea, o efetivo visualizou as v\u00edtimas, que haviam acabado de ser assaltadas e feridas por arma branca, e iniciaram dilig\u00eancias para localizar os suspeitos.<\/p>\n<p>Dois homens foram detidos com duas facas tipo peixeira, R$ 32 em esp\u00e9cie e um isqueiro. As v\u00edtimas e um dos suspeitos foram levados \u00e0 UPA dos Torr\u00f5es, e, em seguida, todos foram conduzidos \u00e0 Ceplanc para ado\u00e7\u00e3o das medidas cab\u00edveis.<br \/>\nSeja seguidor do Instagram do Blog pelo @blogdoedvaldomagalhaes<br \/>\nFoto: Divulga\u00e7\u00e3o\/PMPE <\/p>\n","protected":false},"excerpt":{"rendered":"<p>Policiais militares do 16\u00ba BPM prenderam dois homens em flagrante na madrugada deste s\u00e1bado (13), ap\u00f3s um assalto na avenida&hellip;<\/p>\n","protected":false},"author":1,"featured_media":121146,"comment_status":"closed","ping_status":"open","sticky":false,"template":"","format":"standard","meta":{"footnotes":""},"categories":[14121],"tags":[28803,27410,2,28801,34149],"class_list":["post-121145","post","type-post","status-publish","format-standard","has-post-thumbnail","hentry","category-policial","tag-blog-com-mais-visualizacoes","tag-blog-de-caruaru","tag-blog-do-edvaldo-magalhaes","tag-blog-mais-acessado","tag-pm-prende-dois-suspeitos-apos-assalto-com-faca"],"_links":{"self":[{"href":"https:\/\/blogdoedvaldomagalhaes.com.br\/index.php\/wp-json\/wp\/v2\/posts\/121145","targetHints":{"allow":["GET"]}}],"collection":[{"href":"https:\/\/blogdoedvaldomagalhaes.com.br\/index.php\/wp-json\/wp\/v2\/posts"}],"about":[{"href":"https:\/\/blogdoedvaldomagalhaes.com.br\/index.php\/wp-json\/wp\/v2\/types\/post"}],"author":[{"embeddable":true,"href":"https:\/\/blogdoedvaldomagalhaes.com.br\/index.php\/wp-json\/wp\/v2\/users\/1"}],"replies":[{"embeddable":true,"href":"https:\/\/blogdoedvaldomagalhaes.com.br\/index.php\/wp-json\/wp\/v2\/comments?post=121145"}],"version-history":[{"count":1,"href":"https:\/\/blogdoedvaldomagalhaes.com.br\/index.php\/wp-json\/wp\/v2\/posts\/121145\/revisions"}],"predecessor-version":[{"id":121147,"href":"https:\/\/blogdoedvaldomagalhaes.com.br\/index.php\/wp-json\/wp\/v2\/posts\/121145\/revisions\/121147"}],"wp:featuredmedia":[{"embeddable":true,"href":"https:\/\/blogdoedvaldomagalhaes.com.br\/index.php\/wp-json\/wp\/v2\/media\/121146"}],"wp:attachment":[{"href":"https:\/\/blogdoedvaldomagalhaes.com.br\/index.php\/wp-json\/wp\/v2\/media?parent=121145"}],"wp:term":[{"taxonomy":"category","embeddable":true,"href":"https:\/\/blogdoedvaldomagalhaes.com.br\/index.php\/wp-json\/wp\/v2\/categories?post=121145"},{"taxonomy":"post_tag","embeddable":true,"href":"https:\/\/blogdoedvaldomagalhaes.com.br\/index.php\/wp-json\/wp\/v2\/tags?post=121145"}],"curies":[{"name":"wp","href":"https:\/\/api.w.org\/{rel}","templated":true}]}}