{"id":121133,"date":"2025-07-12T18:47:39","date_gmt":"2025-07-12T21:47:39","guid":{"rendered":"https:\/\/blogdoedvaldomagalhaes.com.br\/?p=121133"},"modified":"2025-07-12T20:51:05","modified_gmt":"2025-07-12T23:51:05","slug":"mulher-e-assassinada-a-facadas-em-caruaru","status":"publish","type":"post","link":"https:\/\/blogdoedvaldomagalhaes.com.br\/index.php\/2025\/07\/12\/mulher-e-assassinada-a-facadas-em-caruaru\/","title":{"rendered":"Mulher \u00e9 assassinada a facadas em Caruaru"},"content":{"rendered":"<p>Neste s\u00e1bado (12.07), Renata Monteiro da Silva, 40 anos, foi assassinada a facadas na rua S\u00e9rgio Coelho, no bairro Alto da Balan\u00e7a, em Caruaru.<\/p>\n<p>A  pol\u00edcia informou que a v\u00edtima era usu\u00e1ria de drogas frequentava o local onde ocorreu o crime.<\/p>\n<p>A Pol\u00edcia Civil est\u00e1 investigando o caso. O corpo foi encaminhado para o IML de Caruaru. Foto: Adielson Galv\u00e3o<\/p>\n<p><img loading=\"lazy\" decoding=\"async\" src=\"https:\/\/blogdoedvaldomagalhaes.com.br\/wp-content\/uploads\/2025\/07\/img-20250712-wa01151678759380571898893.jpg\" class=\"wp-image-121136 alignnone size-full\" width=\"1439\" height=\"1020\" srcset=\"https:\/\/blogdoedvaldomagalhaes.com.br\/wp-content\/uploads\/2025\/07\/img-20250712-wa01151678759380571898893.jpg 1439w, https:\/\/blogdoedvaldomagalhaes.com.br\/wp-content\/uploads\/2025\/07\/img-20250712-wa01151678759380571898893-300x213.jpg 300w, https:\/\/blogdoedvaldomagalhaes.com.br\/wp-content\/uploads\/2025\/07\/img-20250712-wa01151678759380571898893-1024x726.jpg 1024w, https:\/\/blogdoedvaldomagalhaes.com.br\/wp-content\/uploads\/2025\/07\/img-20250712-wa01151678759380571898893-768x544.jpg 768w\" sizes=\"auto, (max-width: 1439px) 100vw, 1439px\" \/><\/p>\n<p>Foto da v\u00edtima<\/p>\n","protected":false},"excerpt":{"rendered":"<p>Neste s\u00e1bado (12.07), Renata Monteiro da Silva, 40 anos, foi assassinada a facadas na rua S\u00e9rgio Coelho, no bairro Alto&hellip;<\/p>\n","protected":false},"author":1,"featured_media":121134,"comment_status":"closed","ping_status":"open","sticky":false,"template":"","format":"standard","meta":{"footnotes":""},"categories":[14121],"tags":[30592,27410,2,28801,5448,34148],"class_list":["post-121133","post","type-post","status-publish","format-standard","has-post-thumbnail","hentry","category-policial","tag-blog-com-mais-seguidores","tag-blog-de-caruaru","tag-blog-do-edvaldo-magalhaes","tag-blog-mais-acessado","tag-homicidio","tag-mulher-e-assassinada-a-facadas-em-caruaru"],"_links":{"self":[{"href":"https:\/\/blogdoedvaldomagalhaes.com.br\/index.php\/wp-json\/wp\/v2\/posts\/121133","targetHints":{"allow":["GET"]}}],"collection":[{"href":"https:\/\/blogdoedvaldomagalhaes.com.br\/index.php\/wp-json\/wp\/v2\/posts"}],"about":[{"href":"https:\/\/blogdoedvaldomagalhaes.com.br\/index.php\/wp-json\/wp\/v2\/types\/post"}],"author":[{"embeddable":true,"href":"https:\/\/blogdoedvaldomagalhaes.com.br\/index.php\/wp-json\/wp\/v2\/users\/1"}],"replies":[{"embeddable":true,"href":"https:\/\/blogdoedvaldomagalhaes.com.br\/index.php\/wp-json\/wp\/v2\/comments?post=121133"}],"version-history":[{"count":4,"href":"https:\/\/blogdoedvaldomagalhaes.com.br\/index.php\/wp-json\/wp\/v2\/posts\/121133\/revisions"}],"predecessor-version":[{"id":121141,"href":"https:\/\/blogdoedvaldomagalhaes.com.br\/index.php\/wp-json\/wp\/v2\/posts\/121133\/revisions\/121141"}],"wp:featuredmedia":[{"embeddable":true,"href":"https:\/\/blogdoedvaldomagalhaes.com.br\/index.php\/wp-json\/wp\/v2\/media\/121134"}],"wp:attachment":[{"href":"https:\/\/blogdoedvaldomagalhaes.com.br\/index.php\/wp-json\/wp\/v2\/media?parent=121133"}],"wp:term":[{"taxonomy":"category","embeddable":true,"href":"https:\/\/blogdoedvaldomagalhaes.com.br\/index.php\/wp-json\/wp\/v2\/categories?post=121133"},{"taxonomy":"post_tag","embeddable":true,"href":"https:\/\/blogdoedvaldomagalhaes.com.br\/index.php\/wp-json\/wp\/v2\/tags?post=121133"}],"curies":[{"name":"wp","href":"https:\/\/api.w.org\/{rel}","templated":true}]}}