{"id":121112,"date":"2025-07-12T09:59:18","date_gmt":"2025-07-12T12:59:18","guid":{"rendered":"https:\/\/blogdoedvaldomagalhaes.com.br\/?p=121112"},"modified":"2025-07-12T09:59:18","modified_gmt":"2025-07-12T12:59:18","slug":"homem-e-preso-com-drogas-e-arma-de-fogo","status":"publish","type":"post","link":"https:\/\/blogdoedvaldomagalhaes.com.br\/index.php\/2025\/07\/12\/homem-e-preso-com-drogas-e-arma-de-fogo\/","title":{"rendered":"Homem \u00e9 preso com drogas e arma de fogo"},"content":{"rendered":"<p>Na tarde dessa sexta-feira (11), um homem foi preso por policiais militares da 1\u00aa CIPM, no munic\u00edpio de Floresta, com drogas e uma arma de fogo.<\/p>\n<p>A equipe realizava patrulhamento com abordagens quando foi informada sobre a presen\u00e7a de pessoas armadas e envolvidas com o tr\u00e1fico de drogas na regi\u00e3o.<\/p>\n<p>Ao chegar ao local, os PMs encontraram o homem. Durante a abordagem, foram apreendidos um rev\u00f3lver calibre 38, quinze muni\u00e7\u00f5es do mesmo calibre, 10.700 gramas de maconha e 7.880 sementes de maconha.<\/p>\n<p>Todo o material apreendido foi apresentado na Delegacia para ado\u00e7\u00e3o das medidas cab\u00edveis.<br \/>\nSiga o Instagram do Blog pelo @blogdoedvaldomagalhaes<br \/>\nFoto: Divulga\u00e7\u00e3o\/PMPE <\/p>\n","protected":false},"excerpt":{"rendered":"<p>Na tarde dessa sexta-feira (11), um homem foi preso por policiais militares da 1\u00aa CIPM, no munic\u00edpio de Floresta, com&hellip;<\/p>\n","protected":false},"author":1,"featured_media":121113,"comment_status":"closed","ping_status":"open","sticky":false,"template":"","format":"standard","meta":{"footnotes":""},"categories":[14121],"tags":[29440,27410,2,28801,34139],"class_list":["post-121112","post","type-post","status-publish","format-standard","has-post-thumbnail","hentry","category-policial","tag-blog-com-mais-visualizacao","tag-blog-de-caruaru","tag-blog-do-edvaldo-magalhaes","tag-blog-mais-acessado","tag-homem-e-preso-com-drogas-e-arma-de-fogo"],"_links":{"self":[{"href":"https:\/\/blogdoedvaldomagalhaes.com.br\/index.php\/wp-json\/wp\/v2\/posts\/121112","targetHints":{"allow":["GET"]}}],"collection":[{"href":"https:\/\/blogdoedvaldomagalhaes.com.br\/index.php\/wp-json\/wp\/v2\/posts"}],"about":[{"href":"https:\/\/blogdoedvaldomagalhaes.com.br\/index.php\/wp-json\/wp\/v2\/types\/post"}],"author":[{"embeddable":true,"href":"https:\/\/blogdoedvaldomagalhaes.com.br\/index.php\/wp-json\/wp\/v2\/users\/1"}],"replies":[{"embeddable":true,"href":"https:\/\/blogdoedvaldomagalhaes.com.br\/index.php\/wp-json\/wp\/v2\/comments?post=121112"}],"version-history":[{"count":1,"href":"https:\/\/blogdoedvaldomagalhaes.com.br\/index.php\/wp-json\/wp\/v2\/posts\/121112\/revisions"}],"predecessor-version":[{"id":121114,"href":"https:\/\/blogdoedvaldomagalhaes.com.br\/index.php\/wp-json\/wp\/v2\/posts\/121112\/revisions\/121114"}],"wp:featuredmedia":[{"embeddable":true,"href":"https:\/\/blogdoedvaldomagalhaes.com.br\/index.php\/wp-json\/wp\/v2\/media\/121113"}],"wp:attachment":[{"href":"https:\/\/blogdoedvaldomagalhaes.com.br\/index.php\/wp-json\/wp\/v2\/media?parent=121112"}],"wp:term":[{"taxonomy":"category","embeddable":true,"href":"https:\/\/blogdoedvaldomagalhaes.com.br\/index.php\/wp-json\/wp\/v2\/categories?post=121112"},{"taxonomy":"post_tag","embeddable":true,"href":"https:\/\/blogdoedvaldomagalhaes.com.br\/index.php\/wp-json\/wp\/v2\/tags?post=121112"}],"curies":[{"name":"wp","href":"https:\/\/api.w.org\/{rel}","templated":true}]}}