{"id":120998,"date":"2025-07-08T17:36:54","date_gmt":"2025-07-08T20:36:54","guid":{"rendered":"https:\/\/blogdoedvaldomagalhaes.com.br\/?p=120998"},"modified":"2025-07-08T17:36:54","modified_gmt":"2025-07-08T20:36:54","slug":"preso-ateia-fogo-em-viatura-da-prf","status":"publish","type":"post","link":"https:\/\/blogdoedvaldomagalhaes.com.br\/index.php\/2025\/07\/08\/preso-ateia-fogo-em-viatura-da-prf\/","title":{"rendered":"Preso ateia fogo em viatura da PRF"},"content":{"rendered":"<p>Na noite dessa segunda-feira (07.07), policiais rodovi\u00e1rios federais em Ouricuri, munic\u00edpio do sert\u00e3o pernambucano, salvaram a vida de um homem que tentou atear fogo ao compartimento de presos da viatura em que estava detido. A a\u00e7\u00e3o r\u00e1pida da equipe evitou consequ\u00eancias mais graves para o detido e para os policiais.<\/p>\n<p>O homem havia sido preso momentos antes, ap\u00f3s den\u00fancias de populares sobre suposta agress\u00e3o dom\u00e9stica contra sua m\u00e3e e sua filha, ocorrida nas proximidades da Unidade Operacional da PRF na cidade. Ap\u00f3s a deten\u00e7\u00e3o, ele foi colocado no compartimento traseiro da viatura para ser conduzido \u00e0 Delegacia de Pol\u00edcia Civil de Ouricuri.<\/p>\n<p>Com a viatura j\u00e1 na frente da delegacia, a equipe percebeu fuma\u00e7a e constatou princ\u00edpio de inc\u00eandio no compartimento onde estava o detido. Com aux\u00edlio de um isqueiro, o homem tentou incendiar o interior do ve\u00edculo. Imediatamente, os PRFs interromperam o deslocamento, abriram o compartimento e salvaram o detido, preservando sua vida antes que as chamas se alastrassem.<\/p>\n<p>Mesmo ap\u00f3s o resgate, o homem, em vis\u00edvel estado de agita\u00e7\u00e3o, tentou agredir os policiais, sendo contido e imobilizado novamente. O isqueiro utilizado para iniciar o fogo foi apreendido.<\/p>\n<p>O homem foi apresentado \u00e0 Pol\u00edcia Civil e permanece preso por resist\u00eancia, dano ao patrim\u00f4nio p\u00fablico e por viol\u00eancia dom\u00e9stica.<\/p>\n<p>A viatura da PRF teve danos de pequena monta no compartimento de transporte de presos, e ser\u00e1 encaminhada para manuten\u00e7\u00e3o especializada. Foto: Divulga\u00e7\u00e3o<br \/>\nSiga o Instagram do Blog pelo @blogdoedvaldomagalhaes<\/p>\n","protected":false},"excerpt":{"rendered":"<p>Na noite dessa segunda-feira (07.07), policiais rodovi\u00e1rios federais em Ouricuri, munic\u00edpio do sert\u00e3o pernambucano, salvaram a vida de um homem&hellip;<\/p>\n","protected":false},"author":1,"featured_media":120999,"comment_status":"closed","ping_status":"open","sticky":false,"template":"","format":"standard","meta":{"footnotes":""},"categories":[14121],"tags":[30253,29440,13146,28801,34092],"class_list":["post-120998","post","type-post","status-publish","format-standard","has-post-thumbnail","hentry","category-policial","tag-blog-caruaru","tag-blog-com-mais-visualizacao","tag-blog-edvaldo-magalhaes","tag-blog-mais-acessado","tag-preso-ateia-fogo-em-viatura-da-prf"],"_links":{"self":[{"href":"https:\/\/blogdoedvaldomagalhaes.com.br\/index.php\/wp-json\/wp\/v2\/posts\/120998","targetHints":{"allow":["GET"]}}],"collection":[{"href":"https:\/\/blogdoedvaldomagalhaes.com.br\/index.php\/wp-json\/wp\/v2\/posts"}],"about":[{"href":"https:\/\/blogdoedvaldomagalhaes.com.br\/index.php\/wp-json\/wp\/v2\/types\/post"}],"author":[{"embeddable":true,"href":"https:\/\/blogdoedvaldomagalhaes.com.br\/index.php\/wp-json\/wp\/v2\/users\/1"}],"replies":[{"embeddable":true,"href":"https:\/\/blogdoedvaldomagalhaes.com.br\/index.php\/wp-json\/wp\/v2\/comments?post=120998"}],"version-history":[{"count":1,"href":"https:\/\/blogdoedvaldomagalhaes.com.br\/index.php\/wp-json\/wp\/v2\/posts\/120998\/revisions"}],"predecessor-version":[{"id":121000,"href":"https:\/\/blogdoedvaldomagalhaes.com.br\/index.php\/wp-json\/wp\/v2\/posts\/120998\/revisions\/121000"}],"wp:featuredmedia":[{"embeddable":true,"href":"https:\/\/blogdoedvaldomagalhaes.com.br\/index.php\/wp-json\/wp\/v2\/media\/120999"}],"wp:attachment":[{"href":"https:\/\/blogdoedvaldomagalhaes.com.br\/index.php\/wp-json\/wp\/v2\/media?parent=120998"}],"wp:term":[{"taxonomy":"category","embeddable":true,"href":"https:\/\/blogdoedvaldomagalhaes.com.br\/index.php\/wp-json\/wp\/v2\/categories?post=120998"},{"taxonomy":"post_tag","embeddable":true,"href":"https:\/\/blogdoedvaldomagalhaes.com.br\/index.php\/wp-json\/wp\/v2\/tags?post=120998"}],"curies":[{"name":"wp","href":"https:\/\/api.w.org\/{rel}","templated":true}]}}