{"id":120961,"date":"2025-07-05T12:40:04","date_gmt":"2025-07-05T15:40:04","guid":{"rendered":"https:\/\/blogdoedvaldomagalhaes.com.br\/?p=120961"},"modified":"2025-07-05T13:25:59","modified_gmt":"2025-07-05T16:25:59","slug":"atendendo-a-convocacao-do-vereador-anderson-correia-junior-letal-tambem-entra-em-campo-pelo-central","status":"publish","type":"post","link":"https:\/\/blogdoedvaldomagalhaes.com.br\/index.php\/2025\/07\/05\/atendendo-a-convocacao-do-vereador-anderson-correia-junior-letal-tambem-entra-em-campo-pelo-central\/","title":{"rendered":"Atendendo \u00e0 convoca\u00e7\u00e3o do vereador Anderson Correia, J\u00fanior Letal tamb\u00e9m entra em campo pelo Central"},"content":{"rendered":"<p>Quando o cora\u00e7\u00e3o bate mais forte, \u00e9 sinal de que o sentimento fala mais alto. E foi com esse esp\u00edrito, com garra e paix\u00e3o, que o vereador J\u00fanior Letal atendeu ao chamado do tamb\u00e9m vereador Anderson Corr\u00eaa para se unir \u00e0 luta em favor do glorioso Central Sport Club, o gigante do Agreste, o clube do nosso povo, o time do nosso cora\u00e7\u00e3o!<\/p>\n<p>Neste domingo, o Central entra em campo com a for\u00e7a de sua centen\u00e1ria hist\u00f3ria, carregando nos ombros a tradi\u00e7\u00e3o de uma torcida que nunca abandona, que canta, vibra e empurra o time com alma e f\u00e9. E \u00e9 nessa hora decisiva, na reta final da fase de grupos da S\u00e9rie D do Campeonato Brasileiro, que a uni\u00e3o faz a diferen\u00e7a!<\/p>\n<p>Anderson Corr\u00eaa, defensor das causas populares e apaixonado pelo Central, convocou. J\u00fanior Letal, que tamb\u00e9m carrega no peito o amor por Caruaru e por este clube gigante, respondeu de pronto: \u201cO Central n\u00e3o est\u00e1 s\u00f3! Estamos juntos nessa batalha!\u201d<\/p>\n<p>A esperan\u00e7a est\u00e1 viva, o sonho est\u00e1 aceso, e a vit\u00f3ria \u00e9 quest\u00e3o de f\u00e9, suor e apoio. Vamos, Central! Vamos conquistar essa vaga na pr\u00f3xima fase e mostrar que Caruaru tem ra\u00e7a, tem paix\u00e3o e tem representantes que lutam dentro e fora de campo!<\/p>\n<p>Pra cima deles, Patativa!<br \/>\nO orgulho de Caruaru jamais se rende.<br \/>\nContem com J\u00fanior Letal e Anderson Corr\u00eaa \u2014 o Central \u00e9 do povo!<br \/>\nSiga o Instagram do Blog pelo @blogdoedvaldomagalhaes<br \/>\nFoto: Divulga\u00e7\u00e3o <\/p>\n","protected":false},"excerpt":{"rendered":"<p>Quando o cora\u00e7\u00e3o bate mais forte, \u00e9 sinal de que o sentimento fala mais alto. E foi com esse esp\u00edrito,&hellip;<\/p>\n","protected":false},"author":1,"featured_media":120966,"comment_status":"closed","ping_status":"open","sticky":false,"template":"","format":"standard","meta":{"footnotes":""},"categories":[14120],"tags":[28803,27410,2,28801,3335,20],"class_list":["post-120961","post","type-post","status-publish","format-standard","has-post-thumbnail","hentry","category-noticias","tag-blog-com-mais-visualizacoes","tag-blog-de-caruaru","tag-blog-do-edvaldo-magalhaes","tag-blog-mais-acessado","tag-central","tag-politica"],"_links":{"self":[{"href":"https:\/\/blogdoedvaldomagalhaes.com.br\/index.php\/wp-json\/wp\/v2\/posts\/120961","targetHints":{"allow":["GET"]}}],"collection":[{"href":"https:\/\/blogdoedvaldomagalhaes.com.br\/index.php\/wp-json\/wp\/v2\/posts"}],"about":[{"href":"https:\/\/blogdoedvaldomagalhaes.com.br\/index.php\/wp-json\/wp\/v2\/types\/post"}],"author":[{"embeddable":true,"href":"https:\/\/blogdoedvaldomagalhaes.com.br\/index.php\/wp-json\/wp\/v2\/users\/1"}],"replies":[{"embeddable":true,"href":"https:\/\/blogdoedvaldomagalhaes.com.br\/index.php\/wp-json\/wp\/v2\/comments?post=120961"}],"version-history":[{"count":1,"href":"https:\/\/blogdoedvaldomagalhaes.com.br\/index.php\/wp-json\/wp\/v2\/posts\/120961\/revisions"}],"predecessor-version":[{"id":120962,"href":"https:\/\/blogdoedvaldomagalhaes.com.br\/index.php\/wp-json\/wp\/v2\/posts\/120961\/revisions\/120962"}],"wp:featuredmedia":[{"embeddable":true,"href":"https:\/\/blogdoedvaldomagalhaes.com.br\/index.php\/wp-json\/wp\/v2\/media\/120966"}],"wp:attachment":[{"href":"https:\/\/blogdoedvaldomagalhaes.com.br\/index.php\/wp-json\/wp\/v2\/media?parent=120961"}],"wp:term":[{"taxonomy":"category","embeddable":true,"href":"https:\/\/blogdoedvaldomagalhaes.com.br\/index.php\/wp-json\/wp\/v2\/categories?post=120961"},{"taxonomy":"post_tag","embeddable":true,"href":"https:\/\/blogdoedvaldomagalhaes.com.br\/index.php\/wp-json\/wp\/v2\/tags?post=120961"}],"curies":[{"name":"wp","href":"https:\/\/api.w.org\/{rel}","templated":true}]}}