{"id":120325,"date":"2025-06-12T14:00:18","date_gmt":"2025-06-12T17:00:18","guid":{"rendered":"https:\/\/blogdoedvaldomagalhaes.com.br\/?p=120325"},"modified":"2025-06-12T14:00:18","modified_gmt":"2025-06-12T17:00:18","slug":"caruaru-celebra-corpus-christi-com-feriado-municipal-procissao-e-grande-show-religioso","status":"publish","type":"post","link":"https:\/\/blogdoedvaldomagalhaes.com.br\/index.php\/2025\/06\/12\/caruaru-celebra-corpus-christi-com-feriado-municipal-procissao-e-grande-show-religioso\/","title":{"rendered":"Caruaru celebra Corpus Christi com feriado municipal, prociss\u00e3o e grande show religioso"},"content":{"rendered":"<p>A Diocese de Caruaru convida toda a popula\u00e7\u00e3o a vivenciar intensamente a Solenidade de Corpus Christi, que neste ano ser\u00e1 ainda mais especial: a data volta a ser feriado municipal. No dia 19 de junho (quinta-feira), a cidade ser\u00e1 tomada por uma profunda experi\u00eancia de f\u00e9, adora\u00e7\u00e3o e comunh\u00e3o, celebrando a presen\u00e7a real de Jesus na Eucaristia.<\/p>\n<p>Corpus Christi, express\u00e3o em latim que significa \u201cCorpo de Cristo\u201d, \u00e9 uma das festas mais significativas do calend\u00e1rio lit\u00fargico da Igreja Cat\u00f3lica. Celebra-se a presen\u00e7a real de Cristo no p\u00e3o e no vinho consagrados durante a Santa Missa, sendo uma ocasi\u00e3o de testemunho p\u00fablico da f\u00e9 cat\u00f3lica. A solenidade acontece sempre numa quinta-feira, 60 dias ap\u00f3s o Domingo de P\u00e1scoa.<\/p>\n<p>Neste ano, a programa\u00e7\u00e3o come\u00e7a \u00e0s 14h, na Igreja do Convento dos Capuchinhos, com a Exposi\u00e7\u00e3o do Sant\u00edssimo Sacramento e Adora\u00e7\u00e3o. \u00c0s 16h, ser\u00e1 celebrada a Santa Missa Solene, presidida por Dom Jos\u00e9 Ruy Gon\u00e7alves Lopes, Bispo Diocesano. Logo ap\u00f3s, \u00e0s 17h, os fi\u00e9is seguir\u00e3o em Prociss\u00e3o Eucar\u00edstica at\u00e9 a Catedral de Caruaru. Este momento tamb\u00e9m mant\u00e9m viva a tradi\u00e7\u00e3o dos tapetes de Corpus Christi, confeccionados pelas par\u00f3quias, por onde passar\u00e1 a prociss\u00e3o.<\/p>\n<p>\u00c0 noite, a celebra\u00e7\u00e3o continua com um grande momento de louvor e evangeliza\u00e7\u00e3o. A partir das 19h, no P\u00e1tio de Eventos de Caruaru, haver\u00e1 shows com Eliana Ribeiro e a banda Anjos de Resgate, dois grandes nomes da m\u00fasica cat\u00f3lica no Brasil.<\/p>\n<p>Que os fieis possam  preparar a alma, reunir suas fam\u00edlias e viver essa profunda jornada espiritual. Unidos como Igreja,  mostrando que Caruaru \u00e9 terra eucar\u00edstica!<\/p>\n<p>SERVI\u00c7O:<\/p>\n<p>Celebra\u00e7\u00e3o de Corpus Christi<br \/>\n\ud83d\udcc5 Data: 19 de junho de 2025<br \/>\n\ud83d\udccd Locais: Igreja do Convento dos Capuchinhos \/ Catedral de Caruaru \/ P\u00e1tio de Eventos de Caruaru<br \/>\n\ud83d\udd51 14h \u2013 Exposi\u00e7\u00e3o do Sant\u00edssimo e Adora\u00e7\u00e3o<br \/>\n\ud83d\udd53 16h \u2013 Santa Missa presidida por Dom Jos\u00e9 Ruy, Bispo de Caruaru<br \/>\n\ud83d\udd54 17h \u2013 Prociss\u00e3o Eucar\u00edstica at\u00e9 a Catedral de Caruaru<br \/>\n\ud83c\udfb6 19h \u2013 Shows com Eliana Ribeiro e Anjos de Resgate (no P\u00e1tio de Eventos)<\/p>\n<p>Assessoria de Comunica\u00e7\u00e3o \u2013 Diocese de Caruaru<br \/>\nSiga o Instagram do Blog pelo @blogdoedvaldomagalhaes<\/p>\n","protected":false},"excerpt":{"rendered":"<p>A Diocese de Caruaru convida toda a popula\u00e7\u00e3o a vivenciar intensamente a Solenidade de Corpus Christi, que neste ano ser\u00e1&hellip;<\/p>\n","protected":false},"author":1,"featured_media":120326,"comment_status":"closed","ping_status":"open","sticky":false,"template":"","format":"standard","meta":{"footnotes":""},"categories":[14120],"tags":[30592,27410,2,28801,33842],"class_list":["post-120325","post","type-post","status-publish","format-standard","has-post-thumbnail","hentry","category-noticias","tag-blog-com-mais-seguidores","tag-blog-de-caruaru","tag-blog-do-edvaldo-magalhaes","tag-blog-mais-acessado","tag-caruaru-celebra-corpus-christi-com-feriado-municipal"],"_links":{"self":[{"href":"https:\/\/blogdoedvaldomagalhaes.com.br\/index.php\/wp-json\/wp\/v2\/posts\/120325","targetHints":{"allow":["GET"]}}],"collection":[{"href":"https:\/\/blogdoedvaldomagalhaes.com.br\/index.php\/wp-json\/wp\/v2\/posts"}],"about":[{"href":"https:\/\/blogdoedvaldomagalhaes.com.br\/index.php\/wp-json\/wp\/v2\/types\/post"}],"author":[{"embeddable":true,"href":"https:\/\/blogdoedvaldomagalhaes.com.br\/index.php\/wp-json\/wp\/v2\/users\/1"}],"replies":[{"embeddable":true,"href":"https:\/\/blogdoedvaldomagalhaes.com.br\/index.php\/wp-json\/wp\/v2\/comments?post=120325"}],"version-history":[{"count":1,"href":"https:\/\/blogdoedvaldomagalhaes.com.br\/index.php\/wp-json\/wp\/v2\/posts\/120325\/revisions"}],"predecessor-version":[{"id":120327,"href":"https:\/\/blogdoedvaldomagalhaes.com.br\/index.php\/wp-json\/wp\/v2\/posts\/120325\/revisions\/120327"}],"wp:featuredmedia":[{"embeddable":true,"href":"https:\/\/blogdoedvaldomagalhaes.com.br\/index.php\/wp-json\/wp\/v2\/media\/120326"}],"wp:attachment":[{"href":"https:\/\/blogdoedvaldomagalhaes.com.br\/index.php\/wp-json\/wp\/v2\/media?parent=120325"}],"wp:term":[{"taxonomy":"category","embeddable":true,"href":"https:\/\/blogdoedvaldomagalhaes.com.br\/index.php\/wp-json\/wp\/v2\/categories?post=120325"},{"taxonomy":"post_tag","embeddable":true,"href":"https:\/\/blogdoedvaldomagalhaes.com.br\/index.php\/wp-json\/wp\/v2\/tags?post=120325"}],"curies":[{"name":"wp","href":"https:\/\/api.w.org\/{rel}","templated":true}]}}