{"id":120322,"date":"2025-06-12T13:54:07","date_gmt":"2025-06-12T16:54:07","guid":{"rendered":"https:\/\/blogdoedvaldomagalhaes.com.br\/?p=120322"},"modified":"2025-06-12T13:54:07","modified_gmt":"2025-06-12T16:54:07","slug":"tradicional-forro-da-oab-caruaru-acontece-neste-sabado-na-mansao-forro","status":"publish","type":"post","link":"https:\/\/blogdoedvaldomagalhaes.com.br\/index.php\/2025\/06\/12\/tradicional-forro-da-oab-caruaru-acontece-neste-sabado-na-mansao-forro\/","title":{"rendered":"Tradicional Forr\u00f3 da OAB Caruaru acontece neste s\u00e1bado na Mans\u00e3o Forr\u00f3"},"content":{"rendered":"<p>A OAB Caruaru promove, neste s\u00e1bado, 14 de junho, mais uma edi\u00e7\u00e3o do tradicional Forr\u00f3 da OAB Caruaru. A festa, que j\u00e1 \u00e9 um marco no calend\u00e1rio junino da cidade, ter\u00e1 in\u00edcio \u00e0s 15h, na Mans\u00e3o Forr\u00f3. O evento promete reunir m\u00fasica, cultura e integra\u00e7\u00e3o em um ambiente preparado para receber o p\u00fablico com conforto e seguran\u00e7a.<\/p>\n<p>A programa\u00e7\u00e3o contar\u00e1 com shows de Petr\u00facio Amorim, Jorge de Altinho e Samya Maia, tr\u00eas grandes nomes do forr\u00f3 nordestino que prometem animar o dia com muito ritmo e tradi\u00e7\u00e3o.<\/p>\n<p>O Forr\u00f3 da OAB Caruaru \u00e9 um espa\u00e7o de celebra\u00e7\u00e3o aberto a todas as pessoas que queiram prestigiar. A proposta \u00e9 unir advogados, familiares, amigos e a sociedade em geral em um momento de valoriza\u00e7\u00e3o da cultura regional.<\/p>\n<p>A festa contar\u00e1 com estrutura completa, no clima aut\u00eantico do S\u00e3o Jo\u00e3o, proporcionando uma experi\u00eancia inesquec\u00edvel.<\/p>\n<p>\ud83c\udf9f\ufe0f Os ingressos est\u00e3o \u00e0 venda na sede da OAB Caruaru, localizada na Rua Jos\u00e9 Flor\u00eancio Filho, s\/n, bairro Universit\u00e1rio. Com condi\u00e7\u00f5es especiais para advocacia.<br \/>\nSeja seguidor do Instagram do Blog pelo @blogdoedvaldomagalhaes<\/p>\n","protected":false},"excerpt":{"rendered":"<p>A OAB Caruaru promove, neste s\u00e1bado, 14 de junho, mais uma edi\u00e7\u00e3o do tradicional Forr\u00f3 da OAB Caruaru. A festa,&hellip;<\/p>\n","protected":false},"author":1,"featured_media":120323,"comment_status":"closed","ping_status":"open","sticky":false,"template":"","format":"standard","meta":{"footnotes":""},"categories":[14120],"tags":[30253,29440,13146,28801,6222,33841],"class_list":["post-120322","post","type-post","status-publish","format-standard","has-post-thumbnail","hentry","category-noticias","tag-blog-caruaru","tag-blog-com-mais-visualizacao","tag-blog-edvaldo-magalhaes","tag-blog-mais-acessado","tag-sao-joao-de-caruaru","tag-tradicional-forro-da-oab-caruaru-acontece-neste-sabado-na-mansao-forro"],"_links":{"self":[{"href":"https:\/\/blogdoedvaldomagalhaes.com.br\/index.php\/wp-json\/wp\/v2\/posts\/120322","targetHints":{"allow":["GET"]}}],"collection":[{"href":"https:\/\/blogdoedvaldomagalhaes.com.br\/index.php\/wp-json\/wp\/v2\/posts"}],"about":[{"href":"https:\/\/blogdoedvaldomagalhaes.com.br\/index.php\/wp-json\/wp\/v2\/types\/post"}],"author":[{"embeddable":true,"href":"https:\/\/blogdoedvaldomagalhaes.com.br\/index.php\/wp-json\/wp\/v2\/users\/1"}],"replies":[{"embeddable":true,"href":"https:\/\/blogdoedvaldomagalhaes.com.br\/index.php\/wp-json\/wp\/v2\/comments?post=120322"}],"version-history":[{"count":1,"href":"https:\/\/blogdoedvaldomagalhaes.com.br\/index.php\/wp-json\/wp\/v2\/posts\/120322\/revisions"}],"predecessor-version":[{"id":120324,"href":"https:\/\/blogdoedvaldomagalhaes.com.br\/index.php\/wp-json\/wp\/v2\/posts\/120322\/revisions\/120324"}],"wp:featuredmedia":[{"embeddable":true,"href":"https:\/\/blogdoedvaldomagalhaes.com.br\/index.php\/wp-json\/wp\/v2\/media\/120323"}],"wp:attachment":[{"href":"https:\/\/blogdoedvaldomagalhaes.com.br\/index.php\/wp-json\/wp\/v2\/media?parent=120322"}],"wp:term":[{"taxonomy":"category","embeddable":true,"href":"https:\/\/blogdoedvaldomagalhaes.com.br\/index.php\/wp-json\/wp\/v2\/categories?post=120322"},{"taxonomy":"post_tag","embeddable":true,"href":"https:\/\/blogdoedvaldomagalhaes.com.br\/index.php\/wp-json\/wp\/v2\/tags?post=120322"}],"curies":[{"name":"wp","href":"https:\/\/api.w.org\/{rel}","templated":true}]}}