{"id":120317,"date":"2025-06-12T13:44:11","date_gmt":"2025-06-12T16:44:11","guid":{"rendered":"https:\/\/blogdoedvaldomagalhaes.com.br\/?p=120317"},"modified":"2025-06-12T13:47:58","modified_gmt":"2025-06-12T16:47:58","slug":"treinamento-para-olimpiada-internacional-de-matematica-comeca-neste-sabado-14-no-recife","status":"publish","type":"post","link":"https:\/\/blogdoedvaldomagalhaes.com.br\/index.php\/2025\/06\/12\/treinamento-para-olimpiada-internacional-de-matematica-comeca-neste-sabado-14-no-recife\/","title":{"rendered":"Treinamento  para Olimp\u00edada Internacional de Matem\u00e1tica come\u00e7a neste s\u00e1bado (14), no Recife"},"content":{"rendered":"<p>_Aos 18 anos, Jo\u00e3o Pedro Bandeira e Vin\u00edcius Pimentel entram para a hist\u00f3ria pernambucana com a participa\u00e7\u00e3o na IMO. T\u00e9cnico estrangeiro foi contratado para intensivo antes das provas, na Austr\u00e1lia_<\/p>\n<p>Com dois pernambucanos no time, a Sele\u00e7\u00e3o Brasileira ter\u00e1 o seu terceiro e \u00faltimo treinamento para a Olimp\u00edada Internacional de Matem\u00e1tica (IMO) realizado no Recife. Entre os dias 14 e 21 de junho, na unidade do Col\u00e9gio GGE em Boa Viagem, o grupo, que ir\u00e1 representar o pa\u00eds na mais dif\u00edcil olimp\u00edada de conhecimento do mundo, estar\u00e1 reunido para oito dias intensivos com seis horas di\u00e1rias de aula para competi\u00e7\u00e3o, que acontecer\u00e1 em julho, em Sunshine Coast, na Austr\u00e1lia.<\/p>\n<p>Representando Pernambuco de maneira in\u00e9dita, Jo\u00e3o Pedro Bandeira e Vin\u00edcius Pimentel foram selecionados ap\u00f3s a participa\u00e7\u00e3o na seletiva nacional, quando conquistaram o segundo e terceiro lugar, respectivamente, em uma disputa com milh\u00f5es de brasileiros. No Recife, al\u00e9m do contato com os melhores estudantes e professores de matem\u00e1tica do pa\u00eds, eles ser\u00e3o orientados pelo professor s\u00e9rvio Dusan Dukic, uma das maiores refer\u00eancias na \u00e1rea.<\/p>\n<p>&#8220;Assim como em um time de futebol que se prepara para a Copa do Mundo, nossos alunos foram convocados para levar o nome do nosso pa\u00eds para o outro lado do mundo na olimp\u00edada que \u00e9 considerada a mais dif\u00edcil de todas. Em julho, eles estar\u00e3o na Austr\u00e1lia, dando uma contribui\u00e7\u00e3o in\u00e9dita para a educa\u00e7\u00e3o e a hist\u00f3ria de Pernambuco. Nunca na hist\u00f3ria do nosso Estado esse feito havia sido conquistado&#8221;, ressalta o gestor de resultados do GGE, Glaumo S\u00e1.<\/p>\n<p>Os estudantes e os t\u00e9cnicos est\u00e3o \u00e0 disposi\u00e7\u00e3o da imprensa para entrevistas.<br \/>\nSeja seguidor do Instagram do Blog pelo @blogdoedvaldomagalhaes<\/p>\n<p><img loading=\"lazy\" decoding=\"async\" src=\"https:\/\/blogdoedvaldomagalhaes.com.br\/wp-content\/uploads\/2025\/06\/img-20250612-wa00834765889644361029918.jpg\" class=\"wp-image-120320 alignnone size-full\" width=\"1600\" height=\"1065\" srcset=\"https:\/\/blogdoedvaldomagalhaes.com.br\/wp-content\/uploads\/2025\/06\/img-20250612-wa00834765889644361029918.jpg 1600w, https:\/\/blogdoedvaldomagalhaes.com.br\/wp-content\/uploads\/2025\/06\/img-20250612-wa00834765889644361029918-300x200.jpg 300w, https:\/\/blogdoedvaldomagalhaes.com.br\/wp-content\/uploads\/2025\/06\/img-20250612-wa00834765889644361029918-1024x682.jpg 1024w, https:\/\/blogdoedvaldomagalhaes.com.br\/wp-content\/uploads\/2025\/06\/img-20250612-wa00834765889644361029918-768x511.jpg 768w, https:\/\/blogdoedvaldomagalhaes.com.br\/wp-content\/uploads\/2025\/06\/img-20250612-wa00834765889644361029918-1536x1022.jpg 1536w\" sizes=\"auto, (max-width: 1600px) 100vw, 1600px\" \/>Fotos: Divulga\u00e7\u00e3o<\/p>\n","protected":false},"excerpt":{"rendered":"<p>_Aos 18 anos, Jo\u00e3o Pedro Bandeira e Vin\u00edcius Pimentel entram para a hist\u00f3ria pernambucana com a participa\u00e7\u00e3o na IMO. T\u00e9cnico&hellip;<\/p>\n","protected":false},"author":1,"featured_media":120318,"comment_status":"closed","ping_status":"open","sticky":false,"template":"","format":"standard","meta":{"footnotes":""},"categories":[14120],"tags":[28803,27410,2,28801,14622,33840],"class_list":["post-120317","post","type-post","status-publish","format-standard","has-post-thumbnail","hentry","category-noticias","tag-blog-com-mais-visualizacoes","tag-blog-de-caruaru","tag-blog-do-edvaldo-magalhaes","tag-blog-mais-acessado","tag-no-recife","tag-treinamento-para-olimpiada-internacional-de-matematica-comeca-neste-sabado-14"],"_links":{"self":[{"href":"https:\/\/blogdoedvaldomagalhaes.com.br\/index.php\/wp-json\/wp\/v2\/posts\/120317","targetHints":{"allow":["GET"]}}],"collection":[{"href":"https:\/\/blogdoedvaldomagalhaes.com.br\/index.php\/wp-json\/wp\/v2\/posts"}],"about":[{"href":"https:\/\/blogdoedvaldomagalhaes.com.br\/index.php\/wp-json\/wp\/v2\/types\/post"}],"author":[{"embeddable":true,"href":"https:\/\/blogdoedvaldomagalhaes.com.br\/index.php\/wp-json\/wp\/v2\/users\/1"}],"replies":[{"embeddable":true,"href":"https:\/\/blogdoedvaldomagalhaes.com.br\/index.php\/wp-json\/wp\/v2\/comments?post=120317"}],"version-history":[{"count":2,"href":"https:\/\/blogdoedvaldomagalhaes.com.br\/index.php\/wp-json\/wp\/v2\/posts\/120317\/revisions"}],"predecessor-version":[{"id":120321,"href":"https:\/\/blogdoedvaldomagalhaes.com.br\/index.php\/wp-json\/wp\/v2\/posts\/120317\/revisions\/120321"}],"wp:featuredmedia":[{"embeddable":true,"href":"https:\/\/blogdoedvaldomagalhaes.com.br\/index.php\/wp-json\/wp\/v2\/media\/120318"}],"wp:attachment":[{"href":"https:\/\/blogdoedvaldomagalhaes.com.br\/index.php\/wp-json\/wp\/v2\/media?parent=120317"}],"wp:term":[{"taxonomy":"category","embeddable":true,"href":"https:\/\/blogdoedvaldomagalhaes.com.br\/index.php\/wp-json\/wp\/v2\/categories?post=120317"},{"taxonomy":"post_tag","embeddable":true,"href":"https:\/\/blogdoedvaldomagalhaes.com.br\/index.php\/wp-json\/wp\/v2\/tags?post=120317"}],"curies":[{"name":"wp","href":"https:\/\/api.w.org\/{rel}","templated":true}]}}