{"id":120312,"date":"2025-06-11T21:32:53","date_gmt":"2025-06-12T00:32:53","guid":{"rendered":"https:\/\/blogdoedvaldomagalhaes.com.br\/?p=120312"},"modified":"2025-06-11T21:32:53","modified_gmt":"2025-06-12T00:32:53","slug":"caruaru-inaugura-primeira-lavanderia-equipada-com-recursos-do-ministerio-das-mulheres-no-brasil","status":"publish","type":"post","link":"https:\/\/blogdoedvaldomagalhaes.com.br\/index.php\/2025\/06\/11\/caruaru-inaugura-primeira-lavanderia-equipada-com-recursos-do-ministerio-das-mulheres-no-brasil\/","title":{"rendered":"Caruaru inaugura primeira lavanderia equipada com recursos do Minist\u00e9rio das Mulheres no Brasil"},"content":{"rendered":"<p>_Equipamento \u00e9 uma refer\u00eancia por adotar a pol\u00edtica nacional de cuidados e foi entregue nesta segunda (11)._<\/p>\n<p>A Prefeitura de Caruaru realizou, nesta ter\u00e7a-feira (11), a entrega oficial da Lavanderia P\u00fablica Dona Maria Eunice Albuquerque, no Residencial Luiz Bezerra Torres, um equipamento pioneiro voltado \u00e0 valoriza\u00e7\u00e3o do cuidado como responsabilidade coletiva e \u00e0 promo\u00e7\u00e3o da autonomia das mulheres. A solenidade, realizada na Rua Girassol, reuniu cerca de 200 pessoas, entre autoridades, lideran\u00e7as comunit\u00e1rias e moradoras da regi\u00e3o, e contou com a presen\u00e7a da Ministra das Mulheres, M\u00e1rcia Lopes, e do prefeito de Caruaru, Rodrigo Pinheiro.<\/p>\n<p>Resultado de uma articula\u00e7\u00e3o entre os governos municipal e federal, por meio do Edital n\u00ba 02\/2023 do Minist\u00e9rio das Mulheres, a lavanderia integra a Pol\u00edtica Nacional de Cuidados e refor\u00e7a a atua\u00e7\u00e3o do munic\u00edpio no enfrentamento das desigualdades de g\u00eanero. Essa \u00e9 a primeira lavanderia no Brasil a receber esse recurso do Minist\u00e9rio, que foi destinado \u00e0 equipagem do local. O investimento total foi de R$ 1.982.410,37, sendo R$ 471.813,73 de recursos federais e R$ 1.510.596,64 da Prefeitura de Caruaru.<\/p>\n<p>Com \u00e1rea constru\u00edda de 830 m\u00b2, o espa\u00e7o est\u00e1 equipado com 26 m\u00e1quinas de lavar, 30 secadoras, 26 tanquinhos e tem capacidade de armazenamento de 92 mil litros de \u00e1gua. A estrutura conta ainda com sala de m\u00e1quinas, \u00e1rea de passadoria, copa, sala administrativa, varal externo, espa\u00e7o de conviv\u00eancia com roda de cuidado e uma horta comunit\u00e1ria.<\/p>\n<p>Durante a cerim\u00f4nia, a Ministra das Mulheres, M\u00e1rcia Lopes destacou a relev\u00e2ncia da lavanderia no contexto das pol\u00edticas de cuidado. \u201cEssa experi\u00eancia vai servir de exemplo e refer\u00eancia para todo o pa\u00eds. N\u00f3s estamos falando de todas as mulheres. \u00c9 preciso que a gente dialogue mais, que a gente entenda melhor e que a gente n\u00e3o banalize, como historicamente foi feito. N\u00e3o \u00e9 simples mudar uma cultura, mudar uma hist\u00f3ria. Um pa\u00eds que escravizou o seu povo \u00e9 capaz de tudo. E por isso essa hist\u00f3ria nos pesa tanto nos ombros. Por isso tamb\u00e9m n\u00f3s temos que ter parceiros e parceiras para transformar o nosso pa\u00eds\u201d, disse a ministra. <\/p>\n<p>A lavanderia atua como solu\u00e7\u00e3o concreta frente \u00e0 chamada &#8220;pobreza de tempo&#8221;, um dos principais entraves \u00e0 autonomia feminina. Por isso, al\u00e9m da presta\u00e7\u00e3o de servi\u00e7os de lavagem e secagem de roupas, o equipamento ser\u00e1 palco de atividades formativas sobre economia e divis\u00e3o sexual do trabalho, por meio de cursos de qualifica\u00e7\u00e3o profissional. contribuindo para a conscientiza\u00e7\u00e3o e reorganiza\u00e7\u00e3o do trabalho dom\u00e9stico e de cuidados.<\/p>\n<p>\u201cA nossa gest\u00e3o que vem executando e transformando a realidade com o acolhimento \u00e0s pessoas, principalmente as pessoas que mais precisam. Esse trabalho que \u00e9 realidade aqui em Caruaru pode ser realidade em todo o Brasil, depende somente de vontade pol\u00edtica, de di\u00e1logo, de parceria e coragem para fazer\u201d, destacou o prefeito de Caruaru, Rodrigo Pinheiro.<\/p>\n<p>\u201cEssa lavanderia \u00e9 fruto de uma gest\u00e3o comprometida com o bem-estar das mulheres, em todas as idades, para promover a igualdade de g\u00eanero tamb\u00e9m na divis\u00e3o dessas tarefas dom\u00e9sticas. O trabalho de cuidados, com a casa, com alimenta\u00e7\u00e3o, com as roupas, n\u00e3o deve ser mais um fardo para as mulheres. Esse espa\u00e7o nos leva \u00e0 reflex\u00e3o sobre isso e contribui, na pr\u00e1tica, para mudar essa realidade\u201d, disse a secret\u00e1ria da Mulher de Caruaru, Luana Marabuco.<br \/>\nSeja seguidor do Instagram do Blog pelo @blogdoedvaldomagalhaes<br \/>\nFoto: Elvis \u00c9dson <\/p>\n","protected":false},"excerpt":{"rendered":"<p>_Equipamento \u00e9 uma refer\u00eancia por adotar a pol\u00edtica nacional de cuidados e foi entregue nesta segunda (11)._ A Prefeitura de&hellip;<\/p>\n","protected":false},"author":1,"featured_media":120313,"comment_status":"closed","ping_status":"open","sticky":false,"template":"","format":"standard","meta":{"footnotes":""},"categories":[14122],"tags":[28803,27410,2,28801,33839,20],"class_list":["post-120312","post","type-post","status-publish","format-standard","has-post-thumbnail","hentry","category-politica","tag-blog-com-mais-visualizacoes","tag-blog-de-caruaru","tag-blog-do-edvaldo-magalhaes","tag-blog-mais-acessado","tag-caruaru-inaugura-primeira-lavanderia-equipada-com-recursos-do-ministerio-das-mulheres-no-brasil","tag-politica"],"_links":{"self":[{"href":"https:\/\/blogdoedvaldomagalhaes.com.br\/index.php\/wp-json\/wp\/v2\/posts\/120312","targetHints":{"allow":["GET"]}}],"collection":[{"href":"https:\/\/blogdoedvaldomagalhaes.com.br\/index.php\/wp-json\/wp\/v2\/posts"}],"about":[{"href":"https:\/\/blogdoedvaldomagalhaes.com.br\/index.php\/wp-json\/wp\/v2\/types\/post"}],"author":[{"embeddable":true,"href":"https:\/\/blogdoedvaldomagalhaes.com.br\/index.php\/wp-json\/wp\/v2\/users\/1"}],"replies":[{"embeddable":true,"href":"https:\/\/blogdoedvaldomagalhaes.com.br\/index.php\/wp-json\/wp\/v2\/comments?post=120312"}],"version-history":[{"count":1,"href":"https:\/\/blogdoedvaldomagalhaes.com.br\/index.php\/wp-json\/wp\/v2\/posts\/120312\/revisions"}],"predecessor-version":[{"id":120314,"href":"https:\/\/blogdoedvaldomagalhaes.com.br\/index.php\/wp-json\/wp\/v2\/posts\/120312\/revisions\/120314"}],"wp:featuredmedia":[{"embeddable":true,"href":"https:\/\/blogdoedvaldomagalhaes.com.br\/index.php\/wp-json\/wp\/v2\/media\/120313"}],"wp:attachment":[{"href":"https:\/\/blogdoedvaldomagalhaes.com.br\/index.php\/wp-json\/wp\/v2\/media?parent=120312"}],"wp:term":[{"taxonomy":"category","embeddable":true,"href":"https:\/\/blogdoedvaldomagalhaes.com.br\/index.php\/wp-json\/wp\/v2\/categories?post=120312"},{"taxonomy":"post_tag","embeddable":true,"href":"https:\/\/blogdoedvaldomagalhaes.com.br\/index.php\/wp-json\/wp\/v2\/tags?post=120312"}],"curies":[{"name":"wp","href":"https:\/\/api.w.org\/{rel}","templated":true}]}}