{"id":120307,"date":"2025-06-11T12:47:44","date_gmt":"2025-06-11T15:47:44","guid":{"rendered":"https:\/\/blogdoedvaldomagalhaes.com.br\/?p=120307"},"modified":"2025-06-11T12:53:32","modified_gmt":"2025-06-11T15:53:32","slug":"esquenta-junino-aquece-os-preparativos-para-o-forro-da-oab-caruaru-2025","status":"publish","type":"post","link":"https:\/\/blogdoedvaldomagalhaes.com.br\/index.php\/2025\/06\/11\/esquenta-junino-aquece-os-preparativos-para-o-forro-da-oab-caruaru-2025\/","title":{"rendered":"Esquenta junino aquece os preparativos para o Forr\u00f3 da OAB Caruaru 2025"},"content":{"rendered":"<p>_Comidas t\u00edpicas, forr\u00f3 p\u00e9 de serra e traje junino marcaram o Esquenta Junino que reuniu a advocacia na sede da subse\u00e7\u00e3o._<\/p>\n<p>Na tarde dessa ter\u00e7a-feira (10.06), a OAB Caruaru realizou o Esquenta do Forr\u00f3 da OAB Caruaru 2025 \u2014 um momento de celebra\u00e7\u00e3o que reuniu a advocacia e convidados.<\/p>\n<p>O evento contou com forr\u00f3 p\u00e9 de serra ao vivo, comidas t\u00edpicas e sorteio de brindes, transformando o ambiente em um verdadeiro arraial.<\/p>\n<p>A diretoria da OAB Caruaru acompanhou o evento, representada pelo presidente Ranieri Coelho, vice-presidente Lucia Cardoso, secret\u00e1rio-geral adjunto Diego C\u00e2ndido, tesoureiro Allan Prost e tesoureira-adjunta Pollyane Pontes, refor\u00e7ando o compromisso da gest\u00e3o com iniciativas que promovem integra\u00e7\u00e3o, cultura e valoriza\u00e7\u00e3o da advocacia.<\/p>\n<p>A organiza\u00e7\u00e3o do evento foi realizada pela Comiss\u00e3o de Planejamento, Comunica\u00e7\u00e3o e Eventos, presidida por Alexandre Agrelli, que preparou uma programa\u00e7\u00e3o especial para antecipar o clima junino.<\/p>\n<p>O esquenta abre caminho para a grande festa da subse\u00e7\u00e3o, o Forr\u00f3 da OAB Caruaru 2025, que acontece no pr\u00f3ximo dia 14 de junho, a partir das 15h, na Mans\u00e3o Forr\u00f3, com shows de Petr\u00facio Amorim, Jorge de Altinho e Samya Maia.<\/p>\n<p>\ud83c\udf9f\ufe0f Os ingressos para advogados est\u00e3o dispon\u00edveis na sede da OAB Caruaru com valor de 2\u00ba lote: R$ 110,00 (duas pessoas). \u00c9 necess\u00e1rio apresentar a carteira da OAB para aquisi\u00e7\u00e3o.<\/p>\n<p><img loading=\"lazy\" decoding=\"async\" src=\"https:\/\/blogdoedvaldomagalhaes.com.br\/wp-content\/uploads\/2025\/06\/img-20250611-wa01085006240267835974084.jpg\" class=\"wp-image-120310 alignnone size-full\" width=\"897\" height=\"945\" srcset=\"https:\/\/blogdoedvaldomagalhaes.com.br\/wp-content\/uploads\/2025\/06\/img-20250611-wa01085006240267835974084.jpg 897w, https:\/\/blogdoedvaldomagalhaes.com.br\/wp-content\/uploads\/2025\/06\/img-20250611-wa01085006240267835974084-285x300.jpg 285w, https:\/\/blogdoedvaldomagalhaes.com.br\/wp-content\/uploads\/2025\/06\/img-20250611-wa01085006240267835974084-768x809.jpg 768w\" sizes=\"auto, (max-width: 897px) 100vw, 897px\" \/><\/p>\n<p>Fotos: Divulga\u00e7\u00e3o<\/p>\n","protected":false},"excerpt":{"rendered":"<p>_Comidas t\u00edpicas, forr\u00f3 p\u00e9 de serra e traje junino marcaram o Esquenta Junino que reuniu a advocacia na sede da&hellip;<\/p>\n","protected":false},"author":1,"featured_media":120308,"comment_status":"closed","ping_status":"open","sticky":false,"template":"","format":"standard","meta":{"footnotes":""},"categories":[14120],"tags":[30253,29440,13146,28801,33838],"class_list":["post-120307","post","type-post","status-publish","format-standard","has-post-thumbnail","hentry","category-noticias","tag-blog-caruaru","tag-blog-com-mais-visualizacao","tag-blog-edvaldo-magalhaes","tag-blog-mais-acessado","tag-esquenta-junino-aquece-os-preparativos-para-o-forro-da-oab-caruaru-2025"],"_links":{"self":[{"href":"https:\/\/blogdoedvaldomagalhaes.com.br\/index.php\/wp-json\/wp\/v2\/posts\/120307","targetHints":{"allow":["GET"]}}],"collection":[{"href":"https:\/\/blogdoedvaldomagalhaes.com.br\/index.php\/wp-json\/wp\/v2\/posts"}],"about":[{"href":"https:\/\/blogdoedvaldomagalhaes.com.br\/index.php\/wp-json\/wp\/v2\/types\/post"}],"author":[{"embeddable":true,"href":"https:\/\/blogdoedvaldomagalhaes.com.br\/index.php\/wp-json\/wp\/v2\/users\/1"}],"replies":[{"embeddable":true,"href":"https:\/\/blogdoedvaldomagalhaes.com.br\/index.php\/wp-json\/wp\/v2\/comments?post=120307"}],"version-history":[{"count":2,"href":"https:\/\/blogdoedvaldomagalhaes.com.br\/index.php\/wp-json\/wp\/v2\/posts\/120307\/revisions"}],"predecessor-version":[{"id":120311,"href":"https:\/\/blogdoedvaldomagalhaes.com.br\/index.php\/wp-json\/wp\/v2\/posts\/120307\/revisions\/120311"}],"wp:featuredmedia":[{"embeddable":true,"href":"https:\/\/blogdoedvaldomagalhaes.com.br\/index.php\/wp-json\/wp\/v2\/media\/120308"}],"wp:attachment":[{"href":"https:\/\/blogdoedvaldomagalhaes.com.br\/index.php\/wp-json\/wp\/v2\/media?parent=120307"}],"wp:term":[{"taxonomy":"category","embeddable":true,"href":"https:\/\/blogdoedvaldomagalhaes.com.br\/index.php\/wp-json\/wp\/v2\/categories?post=120307"},{"taxonomy":"post_tag","embeddable":true,"href":"https:\/\/blogdoedvaldomagalhaes.com.br\/index.php\/wp-json\/wp\/v2\/tags?post=120307"}],"curies":[{"name":"wp","href":"https:\/\/api.w.org\/{rel}","templated":true}]}}