{"id":120304,"date":"2025-06-11T12:28:12","date_gmt":"2025-06-11T15:28:12","guid":{"rendered":"https:\/\/blogdoedvaldomagalhaes.com.br\/?p=120304"},"modified":"2025-06-11T12:28:12","modified_gmt":"2025-06-11T15:28:12","slug":"caruaru-realiza-i-simposio-avancado-de-nutricao-e-exercicio-fisico","status":"publish","type":"post","link":"https:\/\/blogdoedvaldomagalhaes.com.br\/index.php\/2025\/06\/11\/caruaru-realiza-i-simposio-avancado-de-nutricao-e-exercicio-fisico\/","title":{"rendered":"Caruaru realiza I Simp\u00f3sio Avan\u00e7ado de Nutri\u00e7\u00e3o e Exerc\u00edcio F\u00edsico"},"content":{"rendered":"<p>Evento \u00e9 gratuito e promovido pela UNINASSAU Caruaru, por meio dos cursos de Nutri\u00e7\u00e3o e Educa\u00e7\u00e3o F\u00edsica<\/p>\n<p>O UNINASSAU \u2013 Centro Universit\u00e1rio Maur\u00edcio de Nassau Caruaru promove, nesta quarta-feira (11), das 15h \u00e0s 22h, o I Simp\u00f3sio Avan\u00e7ado de Nutri\u00e7\u00e3o e Exerc\u00edcio F\u00edsico. O tema escolhido foi &#8220;Nutri\u00e7\u00e3o e desempenho esportivo: ci\u00eancias e estrat\u00e9gias nos esportes de alta performance&#8221;.<\/p>\n<p>O Simp\u00f3sio, organizado pelos cursos de Nutri\u00e7\u00e3o e Educa\u00e7\u00e3o F\u00edsica da Institui\u00e7\u00e3o de Ensino Superior (IES), conta com uma programa\u00e7\u00e3o diversificada, abrangendo as \u00faltimas tend\u00eancias e pesquisas cient\u00edficas nas \u00e1reas de nutri\u00e7\u00e3o esportiva, estrat\u00e9gias nutricionais do fisiculturismo, periodiza\u00e7\u00e3o na corrida de rua, fitoterapia na pr\u00e1tica esportiva, dentre outras. O evento recebe especialistas renomados para eles compartilharem experi\u00eancias, proporcionando aos participantes uma oportunidade de aprendizado e networking.<\/p>\n<p>O evento \u00e9 destinado para estudantes e profissionais das \u00e1reas de sa\u00fade e bem-estar. O coordenador do curso de Educa\u00e7\u00e3o F\u00edsica da UNINASSAU Caruaru, Roberto \u00c2ngelo, refor\u00e7a o compromisso da IES com a excel\u00eancia acad\u00eamica. \u201cEsse \u00e9 um momento importante para quem deseja ampliar os conhecimentos sobre alta performance, corrida e atividade f\u00edsica em geral\u201d.  <\/p>\n<p>O coordenador do curso de Nutri\u00e7\u00e3o da IES, Jefferson Arruda, explica a grandeza do evento. \u201cEsse Simp\u00f3sio \u00e9 de grande relev\u00e2ncia para a comunidade acad\u00eamica por se tratar de uma colabora\u00e7\u00e3o in\u00e9dita e de sucesso entre as gradua\u00e7\u00f5es, o que nos permite um aprofundamento de conhecimentos e informa\u00e7\u00f5es\u201d.<\/p>\n<p>Para participar, basta se inscrever por meio do n\u00famero (81) 9.9276-3216 e levar 1kg de alimento n\u00e3o perec\u00edvel. A UNINASSAU Caruaru fica localizada no entroncamento das BR&#8217;s 104 e 232 \/ km 68 &#8211; n\u00ba 1268. Foto: Divulga\u00e7\u00e3o<br \/>\nSiga o Instagram do Blog pelo @blogdoedvaldomagalhaes<\/p>\n","protected":false},"excerpt":{"rendered":"<p>Evento \u00e9 gratuito e promovido pela UNINASSAU Caruaru, por meio dos cursos de Nutri\u00e7\u00e3o e Educa\u00e7\u00e3o F\u00edsica O UNINASSAU \u2013&hellip;<\/p>\n","protected":false},"author":1,"featured_media":120305,"comment_status":"closed","ping_status":"open","sticky":false,"template":"","format":"standard","meta":{"footnotes":""},"categories":[14120],"tags":[28803,27410,13146,28801,33837],"class_list":["post-120304","post","type-post","status-publish","format-standard","has-post-thumbnail","hentry","category-noticias","tag-blog-com-mais-visualizacoes","tag-blog-de-caruaru","tag-blog-edvaldo-magalhaes","tag-blog-mais-acessado","tag-caruaru-realiza-i-simposio-avancado-de-nutricao-e-exercicio-fisico"],"_links":{"self":[{"href":"https:\/\/blogdoedvaldomagalhaes.com.br\/index.php\/wp-json\/wp\/v2\/posts\/120304","targetHints":{"allow":["GET"]}}],"collection":[{"href":"https:\/\/blogdoedvaldomagalhaes.com.br\/index.php\/wp-json\/wp\/v2\/posts"}],"about":[{"href":"https:\/\/blogdoedvaldomagalhaes.com.br\/index.php\/wp-json\/wp\/v2\/types\/post"}],"author":[{"embeddable":true,"href":"https:\/\/blogdoedvaldomagalhaes.com.br\/index.php\/wp-json\/wp\/v2\/users\/1"}],"replies":[{"embeddable":true,"href":"https:\/\/blogdoedvaldomagalhaes.com.br\/index.php\/wp-json\/wp\/v2\/comments?post=120304"}],"version-history":[{"count":1,"href":"https:\/\/blogdoedvaldomagalhaes.com.br\/index.php\/wp-json\/wp\/v2\/posts\/120304\/revisions"}],"predecessor-version":[{"id":120306,"href":"https:\/\/blogdoedvaldomagalhaes.com.br\/index.php\/wp-json\/wp\/v2\/posts\/120304\/revisions\/120306"}],"wp:featuredmedia":[{"embeddable":true,"href":"https:\/\/blogdoedvaldomagalhaes.com.br\/index.php\/wp-json\/wp\/v2\/media\/120305"}],"wp:attachment":[{"href":"https:\/\/blogdoedvaldomagalhaes.com.br\/index.php\/wp-json\/wp\/v2\/media?parent=120304"}],"wp:term":[{"taxonomy":"category","embeddable":true,"href":"https:\/\/blogdoedvaldomagalhaes.com.br\/index.php\/wp-json\/wp\/v2\/categories?post=120304"},{"taxonomy":"post_tag","embeddable":true,"href":"https:\/\/blogdoedvaldomagalhaes.com.br\/index.php\/wp-json\/wp\/v2\/tags?post=120304"}],"curies":[{"name":"wp","href":"https:\/\/api.w.org\/{rel}","templated":true}]}}