{"id":120301,"date":"2025-06-11T11:29:15","date_gmt":"2025-06-11T14:29:15","guid":{"rendered":"https:\/\/blogdoedvaldomagalhaes.com.br\/?p=120301"},"modified":"2025-06-11T12:06:32","modified_gmt":"2025-06-11T15:06:32","slug":"junho-violeta-ceratocone-pode-ser-detectado-na-consulta-de-rotina","status":"publish","type":"post","link":"https:\/\/blogdoedvaldomagalhaes.com.br\/index.php\/2025\/06\/11\/junho-violeta-ceratocone-pode-ser-detectado-na-consulta-de-rotina\/","title":{"rendered":"Junho Violeta: ceratocone pode ser detectado na consulta de rotina"},"content":{"rendered":"<p>Se voc\u00ea costuma co\u00e7ar os olhos com frequ\u00eancia, deve ficar atento. O h\u00e1bito pode gerar les\u00f5es na c\u00f3rnea e causar o surgimento do ceratocone, doen\u00e7a ocular que \u00e9 a principal causa de transplantes de c\u00f3rnea no mundo. Segundo o Conselho Brasileiro de Oftalmologia (CBO), o problema atinge uma a cada 2 mil pessoas no Brasil, e, por ano, afeta cerca de 150 mil brasileiros. O Junho Violeta \u00e9 dedicado a conscientizar a popula\u00e7\u00e3o sobre a doen\u00e7a, que tem diagn\u00f3stico relativamente simples. Muitas vezes, o m\u00e9dico pode suspeitar de ceratocone j\u00e1 na consulta de rotina e solicitar exames modernos para confirmar o diagn\u00f3stico.<br \/>\n\u201cO ceratocone \u00e9 uma ectasia da c\u00f3rnea, isto \u00e9, uma deformidade na c\u00f3rnea em formato de cone, pontudo, protuso. A causa \u00e9 multifatorial, como fatores familiares, gen\u00e9ticos e pessoais. Ao notar altera\u00e7\u00f5es visuais ou em casos de alergia ocular persistente, \u00e9 importante que a pessoa procure um oftalmologista. Durante a consulta, se o m\u00e9dico suspeitar de ceratocone, ele j\u00e1 pode solicitar exames espec\u00edficos e modernos que avaliam a curvatura da c\u00f3rnea com alta precis\u00e3o\u201d, explica a oftalmologista Carolina Lessa, do Hospital de Olhos Santa Luzia. Essa altera\u00e7\u00e3o afeta diretamente a vis\u00e3o, provocando distor\u00e7\u00e3o, sensibilidade \u00e0 luz, e dificuldade em definir objetos pr\u00f3ximos e distantes.<br \/>\nEmbora a causa exata do ceratocone ainda n\u00e3o seja completamente conhecida, fatores gen\u00e9ticos e ambientais podem favorecer o surgimento da doen\u00e7a. Al\u00e9m do h\u00e1bito de co\u00e7ar os olhos, o uso inadequado de lentes de contato pode contribuir para a progress\u00e3o do ceratocone, por exemplo.<br \/>\n\u201cO paciente al\u00e9rgico co\u00e7a os olhos com bastante frequ\u00eancia. Geralmente, o paciente banaliza o ato de co\u00e7ar, que j\u00e1 se tornou parte do cotidiano. Acontece que a alergia ocular mal controlada e o prurido cr\u00f4nico tornam este indiv\u00edduo um candidato a esta doen\u00e7a uma vez que a fric\u00e7\u00e3o frequente da c\u00f3rnea causa fragilidade local que leva a deformidade desse tecido\u201d, alerta a oftalmologista Carolina Lessa.<br \/>\n\u201cEm primeiro lugar vem a preven\u00e7\u00e3o. Orientamos que n\u00e3o devemos co\u00e7ar os olhos, tratar a alergia ocular. Diante da doen\u00e7a, o diagn\u00f3stico precoce \u00e9 fundamental para a qualidade de vis\u00e3o a longo prazo\u201d, afirma a oftalmologista Carolina Lessa.<br \/>\nPara casos onde o paciente j\u00e1 tem a doen\u00e7a, o tratamento varia de acordo com a gravidade. \u201cInicialmente, se avalia a progress\u00e3o e a necessidade de Crosslinking &#8211; uma esp\u00e9cie de luz para tornar a c\u00f3rnea mais firme. Tamb\u00e9m \u00e9 poss\u00edvel dar qualidade visual ao paciente atrav\u00e9s de \u00f3culos, lentes de contato especiais, aneis intra-estromais e, em casos mais avan\u00e7ados, transplante de c\u00f3rnea\u201d, finaliza a oftalmologista Carolina Lessa.<\/p>\n","protected":false},"excerpt":{"rendered":"<p>Se voc\u00ea costuma co\u00e7ar os olhos com frequ\u00eancia, deve ficar atento. O h\u00e1bito pode gerar les\u00f5es na c\u00f3rnea e causar&hellip;<\/p>\n","protected":false},"author":1,"featured_media":120303,"comment_status":"closed","ping_status":"open","sticky":false,"template":"","format":"standard","meta":{"footnotes":""},"categories":[14120],"tags":[30592,27410,13146,28801],"class_list":["post-120301","post","type-post","status-publish","format-standard","has-post-thumbnail","hentry","category-noticias","tag-blog-com-mais-seguidores","tag-blog-de-caruaru","tag-blog-edvaldo-magalhaes","tag-blog-mais-acessado"],"_links":{"self":[{"href":"https:\/\/blogdoedvaldomagalhaes.com.br\/index.php\/wp-json\/wp\/v2\/posts\/120301","targetHints":{"allow":["GET"]}}],"collection":[{"href":"https:\/\/blogdoedvaldomagalhaes.com.br\/index.php\/wp-json\/wp\/v2\/posts"}],"about":[{"href":"https:\/\/blogdoedvaldomagalhaes.com.br\/index.php\/wp-json\/wp\/v2\/types\/post"}],"author":[{"embeddable":true,"href":"https:\/\/blogdoedvaldomagalhaes.com.br\/index.php\/wp-json\/wp\/v2\/users\/1"}],"replies":[{"embeddable":true,"href":"https:\/\/blogdoedvaldomagalhaes.com.br\/index.php\/wp-json\/wp\/v2\/comments?post=120301"}],"version-history":[{"count":1,"href":"https:\/\/blogdoedvaldomagalhaes.com.br\/index.php\/wp-json\/wp\/v2\/posts\/120301\/revisions"}],"predecessor-version":[{"id":120302,"href":"https:\/\/blogdoedvaldomagalhaes.com.br\/index.php\/wp-json\/wp\/v2\/posts\/120301\/revisions\/120302"}],"wp:featuredmedia":[{"embeddable":true,"href":"https:\/\/blogdoedvaldomagalhaes.com.br\/index.php\/wp-json\/wp\/v2\/media\/120303"}],"wp:attachment":[{"href":"https:\/\/blogdoedvaldomagalhaes.com.br\/index.php\/wp-json\/wp\/v2\/media?parent=120301"}],"wp:term":[{"taxonomy":"category","embeddable":true,"href":"https:\/\/blogdoedvaldomagalhaes.com.br\/index.php\/wp-json\/wp\/v2\/categories?post=120301"},{"taxonomy":"post_tag","embeddable":true,"href":"https:\/\/blogdoedvaldomagalhaes.com.br\/index.php\/wp-json\/wp\/v2\/tags?post=120301"}],"curies":[{"name":"wp","href":"https:\/\/api.w.org\/{rel}","templated":true}]}}