{"id":1203,"date":"2018-09-26T22:54:00","date_gmt":"2018-09-27T01:54:00","guid":{"rendered":"http:\/\/blogdoedvaldomagalhaes.com.br\/index.php\/2018\/09\/26\/shopping-difusora-promove-semana\/"},"modified":"2019-02-09T02:32:31","modified_gmt":"2019-02-09T04:32:31","slug":"shopping-difusora-promove-semana","status":"publish","type":"post","link":"https:\/\/blogdoedvaldomagalhaes.com.br\/index.php\/2018\/09\/26\/shopping-difusora-promove-semana\/","title":{"rendered":"Shopping Difusora promove semana dedicada \u00e0 sa\u00fade"},"content":{"rendered":"<div class=\"separator\" style=\"clear: both; text-align: center;\">\n<a href=\"https:\/\/3.bp.blogspot.com\/-aMDhNzKUPhc\/W6wNry16X8I\/AAAAAAAA6tg\/J9RdRxMUqboRqWBvZ4IoIZj0lVlJYcVZQCLcBGAs\/s1600\/shoppimng.JPG\" imageanchor=\"1\" style=\"margin-left: 1em; margin-right: 1em;\"><img loading=\"lazy\" decoding=\"async\" border=\"0\" data-original-height=\"563\" data-original-width=\"1000\" height=\"360\" src=\"http:\/\/blogdoedvaldomagalhaes.com.br\/wp-content\/uploads\/2018\/09\/shoppimng.jpg\" width=\"640\" \/><\/a><\/div>\n<div style=\"text-align: justify;\">\n<\/div>\n<div style=\"text-align: justify;\">\nEntre os dias 28 de setembro e 06 de outubro, o Shopping Difusora promove a primeira edi\u00e7\u00e3o do projeto \u2018Viver Bem Difusora\u2019. Trata-se de uma semana inteira dedicada \u00e0 promo\u00e7\u00e3o da sa\u00fade e bem-estar. Na ocasi\u00e3o, diversos servi\u00e7os estar\u00e3o \u00e0 disposi\u00e7\u00e3o do p\u00fablico, com foco em atividades que visam \u00e0 movimenta\u00e7\u00e3o do corpo. Tudo acontece no primeiro piso, na Arena de Eventos, pr\u00f3ximo \u00e0 entrada principal.<\/div>\n<div style=\"text-align: justify;\">\n<\/div>\n<div style=\"text-align: justify;\">\nNa programa\u00e7\u00e3o do Viver Bem Difusora o p\u00fablico vai poder escolher entre em meio a uma programa\u00e7\u00e3o intensa, com palestras e atividades f\u00edsicas. Tudo de forma gratuita. Pelo que j\u00e1 deu para perceber, dif\u00edcil vai ser chegar por l\u00e1 e ficar parado. \u00c9 importante destacar que as atividades ser\u00e3o realizadas nos hor\u00e1rios da tarde e noite, incluindo s\u00e1bado e domingo, oferecendo mais op\u00e7\u00f5es para o p\u00fablico.<\/div>\n<div style=\"text-align: justify;\">\n<\/div>\n<div style=\"text-align: justify;\">\nTodas as atividades que fazem parte da programa\u00e7\u00e3o do evento ser\u00e3o realizadas por profissionais da Gymbox Academia e Conceito CrossFit. Palestras ser\u00e3o oferecidas por m\u00e9dicos e especialistas com temas diversificados. Entre eles: Qualidade de vida e preven\u00e7\u00e3o de dores, Crossfit: do sedentarismo \u00e0 qualidade de vida, Como secar para o ver\u00e3o, Alimenta\u00e7\u00e3o saud\u00e1vel, Uso ch\u00e1s para fins curativos e Como alcan\u00e7ar o sono dos seus sonhos.<\/div>\n<div style=\"text-align: justify;\">\n<\/div>\n<div style=\"text-align: justify;\">\nDe acordo com o gerente de Marketing do Shopping Difusora, Welter Duarte, esse \u00e9 um evento que traz \u00e0 tona a responsabilidade para com a sa\u00fade das pessoas. \u201cHoje em dia, devido a pr\u00f3pria correria do dia-a-dia, as pessoas n\u00e3o encontram tempo para cuidar da sa\u00fade. Por sua localiza\u00e7\u00e3o privilegiada e fluxo di\u00e1rio de pessoas, o Shopping Difusora quer incentivar esse cuidado\u201d, afirma.<\/div>\n<div style=\"text-align: justify;\">\n<\/div>\n<div style=\"text-align: justify;\">\nConfira a programa\u00e7\u00e3o completa:<\/div>\n<div style=\"text-align: justify;\">\n<\/div>\n<div style=\"text-align: justify;\">\n<b>28\/09<\/b><\/div>\n<div style=\"text-align: justify;\">\n<\/div>\n<div style=\"text-align: justify;\">\n18h30 \u2013 Qualidade de vida e preven\u00e7\u00e3o de dores<\/div>\n<div style=\"text-align: justify;\">\n<\/div>\n<div style=\"text-align: justify;\">\nM\u00e9dico Ortopedista \/ Professor UFPE &#8211; Victor Hugo<\/div>\n<div style=\"text-align: justify;\">\n<\/div>\n<div style=\"text-align: justify;\">\n19h \u2013 Funcional Gym<\/div>\n<div style=\"text-align: justify;\">\n<\/div>\n<div style=\"text-align: justify;\">\n<b>29\/09<\/b><\/div>\n<div style=\"text-align: justify;\">\n<\/div>\n<div style=\"text-align: justify;\">\n14h30 \u2013 Crossfit: Do Sedentarismo \u00e0 qualidade de vida<\/div>\n<div style=\"text-align: justify;\">\n<\/div>\n<div style=\"text-align: justify;\">\nP\u00f3s graduando em Biomec\u00e2nica e Cinesiologia &#8211; Fl\u00e1vio Henrique<\/div>\n<div style=\"text-align: justify;\">\n<\/div>\n<div style=\"text-align: justify;\">\n15h \u2013 Conceito Crossfit<\/div>\n<div style=\"text-align: justify;\">\n<\/div>\n<div style=\"text-align: justify;\">\n<b>30\/09<\/b><\/div>\n<div style=\"text-align: justify;\">\n<\/div>\n<div style=\"text-align: justify;\">\n14h30 \u2013 Como secar para o ver\u00e3o<\/div>\n<div style=\"text-align: justify;\">\n<\/div>\n<div style=\"text-align: justify;\">\nNutricionista &#8211; Priscilla Lima<\/div>\n<div style=\"text-align: justify;\">\n<\/div>\n<div style=\"text-align: justify;\">\n15h \u2013 Mobility e Care\/ABS<\/div>\n<div style=\"text-align: justify;\">\n<\/div>\n<div style=\"text-align: justify;\">\n<b>01\/10<\/b><\/div>\n<div style=\"text-align: justify;\">\n<\/div>\n<div style=\"text-align: justify;\">\n18h30 \u2013 Qualidade de Vida e Preven\u00e7\u00e3o de Dores<\/div>\n<div style=\"text-align: justify;\">\n<\/div>\n<div style=\"text-align: justify;\">\nM\u00e9dico Ortopedista \/ Professor UFPE &#8211; Victor Hugo<\/div>\n<div style=\"text-align: justify;\">\n<\/div>\n<div style=\"text-align: justify;\">\n19h \u2013 MMA<\/div>\n<div style=\"text-align: justify;\">\n<\/div>\n<div style=\"text-align: justify;\">\n<b>02\/10<\/b><\/div>\n<div style=\"text-align: justify;\">\n<\/div>\n<div style=\"text-align: justify;\">\n18h \u2013 Alimenta\u00e7\u00e3o Saud\u00e1vel<\/div>\n<div style=\"text-align: justify;\">\n<\/div>\n<div style=\"text-align: justify;\">\nNutricionista Cl\u00ednico \/ Esportivo &#8211; Jefferson Arruda<\/div>\n<div style=\"text-align: justify;\">\n<\/div>\n<div style=\"text-align: justify;\">\n19h \u2013 Power Ballet<\/div>\n<div style=\"text-align: justify;\">\n<\/div>\n<div style=\"text-align: justify;\">\n<b>04\/10<\/b><\/div>\n<div style=\"text-align: justify;\">\n<\/div>\n<div style=\"text-align: justify;\">\n18h30 \u2013 Uso ch\u00e1s para fins curativos<\/div>\n<div style=\"text-align: justify;\">\n<\/div>\n<div style=\"text-align: justify;\">\nNutricionista Cl\u00ednico \/ Esportivo &#8211; Jefferson Arruda<\/div>\n<div style=\"text-align: justify;\">\n<\/div>\n<div style=\"text-align: justify;\">\n19h \u2013 Gym Hiit<\/div>\n<div style=\"text-align: justify;\">\n<\/div>\n<div style=\"text-align: justify;\">\n<b>05\/10<\/b><\/div>\n<div style=\"text-align: justify;\">\n<\/div>\n<div style=\"text-align: justify;\">\n18h30 \u2013 Como alcan\u00e7ar o sono dos seus sonhos<\/div>\n<div style=\"text-align: justify;\">\n<\/div>\n<div style=\"text-align: justify;\">\nMarconi Maciel e Lidiane Santana<\/div>\n<div style=\"text-align: justify;\">\n<\/div>\n<div style=\"text-align: justify;\">\n19h \u2013 Cycle Training&nbsp;<\/div>\n<div style=\"text-align: justify;\">\n<\/div>\n<div style=\"text-align: justify;\">\n<b>06\/10<\/b><\/div>\n<div style=\"text-align: justify;\">\n<\/div>\n<div style=\"text-align: justify;\">\n15h \u2013 Fit Dance<\/div>\n<div style=\"text-align: justify;\">\n<\/div>\n<div style=\"text-align: justify;\">\n<\/div>\n","protected":false},"excerpt":{"rendered":"<p>Entre os dias 28 de setembro e 06 de outubro, o Shopping Difusora promove a primeira edi\u00e7\u00e3o do projeto \u2018Viver&hellip;<\/p>\n","protected":false},"author":1,"featured_media":0,"comment_status":"open","ping_status":"open","sticky":false,"template":"","format":"standard","meta":{"footnotes":""},"categories":[1],"tags":[2,6,1162],"class_list":["post-1203","post","type-post","status-publish","format-standard","hentry","category-sem-categoria","tag-blog-do-edvaldo-magalhaes","tag-noticias","tag-shopping-difusora-promove-semana-dedicada-a-saude"],"_links":{"self":[{"href":"https:\/\/blogdoedvaldomagalhaes.com.br\/index.php\/wp-json\/wp\/v2\/posts\/1203","targetHints":{"allow":["GET"]}}],"collection":[{"href":"https:\/\/blogdoedvaldomagalhaes.com.br\/index.php\/wp-json\/wp\/v2\/posts"}],"about":[{"href":"https:\/\/blogdoedvaldomagalhaes.com.br\/index.php\/wp-json\/wp\/v2\/types\/post"}],"author":[{"embeddable":true,"href":"https:\/\/blogdoedvaldomagalhaes.com.br\/index.php\/wp-json\/wp\/v2\/users\/1"}],"replies":[{"embeddable":true,"href":"https:\/\/blogdoedvaldomagalhaes.com.br\/index.php\/wp-json\/wp\/v2\/comments?post=1203"}],"version-history":[{"count":1,"href":"https:\/\/blogdoedvaldomagalhaes.com.br\/index.php\/wp-json\/wp\/v2\/posts\/1203\/revisions"}],"predecessor-version":[{"id":34390,"href":"https:\/\/blogdoedvaldomagalhaes.com.br\/index.php\/wp-json\/wp\/v2\/posts\/1203\/revisions\/34390"}],"wp:attachment":[{"href":"https:\/\/blogdoedvaldomagalhaes.com.br\/index.php\/wp-json\/wp\/v2\/media?parent=1203"}],"wp:term":[{"taxonomy":"category","embeddable":true,"href":"https:\/\/blogdoedvaldomagalhaes.com.br\/index.php\/wp-json\/wp\/v2\/categories?post=1203"},{"taxonomy":"post_tag","embeddable":true,"href":"https:\/\/blogdoedvaldomagalhaes.com.br\/index.php\/wp-json\/wp\/v2\/tags?post=1203"}],"curies":[{"name":"wp","href":"https:\/\/api.w.org\/{rel}","templated":true}]}}