{"id":120296,"date":"2025-06-11T11:06:05","date_gmt":"2025-06-11T14:06:05","guid":{"rendered":"https:\/\/blogdoedvaldomagalhaes.com.br\/?p=120296"},"modified":"2025-06-11T11:12:51","modified_gmt":"2025-06-11T14:12:51","slug":"peregrinos-da-obra-de-maria-vivem-a-emocao-da-vigilia-de-pentecostes-com-o-papa-leao-xiv-em-roma","status":"publish","type":"post","link":"https:\/\/blogdoedvaldomagalhaes.com.br\/index.php\/2025\/06\/11\/peregrinos-da-obra-de-maria-vivem-a-emocao-da-vigilia-de-pentecostes-com-o-papa-leao-xiv-em-roma\/","title":{"rendered":"Peregrinos da Obra de Maria vivem a emo\u00e7\u00e3o da Vig\u00edlia de Pentecostes com o Papa Le\u00e3o XIV, em Roma"},"content":{"rendered":"<p>Congresso Internacional de Pentecostes foi marcado por momentos de forte espiritualidade, louvor e miss\u00e3o ao longo de tr\u00eas dias.<\/p>\n<p>No cora\u00e7\u00e3o da Igreja Cat\u00f3lica, a Pra\u00e7a S\u00e3o Pedro se encheu de f\u00e9, alegria e unidade com a solene vig\u00edlia de Pentecostes presidida pelo Papa Le\u00e3o XIV. A celebra\u00e7\u00e3o, que fez parte do Ano Jubilar das Novas Comunidades, reuniu cerca de 70 mil fi\u00e9is de mais de 100 pa\u00edses no s\u00e1bado \u00e0 noite, no Vaticano. Os peregrinos da Obra de Maria acompanharam a vig\u00edlia e participaram do Congresso Internacional de Pentecostes 2025, organizado pela comunidade durante tr\u00eas dias em Roma.<\/p>\n<p>Sob o c\u00e9u aberto e o calor t\u00edpico do ver\u00e3o romano, o Papa chegou ao local em seu papam\u00f3vel, aben\u00e7oando as crian\u00e7as e acolhendo os fi\u00e9is. Como parte das celebra\u00e7\u00f5es do Jubileu dos Movimentos, Associa\u00e7\u00f5es e Novas Comunidades, a Vig\u00edlia de Pentecostes, considerada o ponto alto espiritual do evento jubilar, come\u00e7ou com a liturgia da Palavra, o canto do hino Veni Creator Spiritus e o acendimento simb\u00f3lico de sete lamparinas a partir da luz do C\u00edrio Pascal. Ap\u00f3s a proclama\u00e7\u00e3o do Evangelho de Lucas (4,16-21), o Santo Padre, em sua homilia, recordou que \u201co Esp\u00edrito do Senhor est\u00e1 sobre n\u00f3s\u201d, destacando a miss\u00e3o evangelizadora da Igreja, a import\u00e2ncia da sinodalidade e a comunh\u00e3o entre os povos.<\/p>\n<p>Celebrado cinquenta dias ap\u00f3s a P\u00e1scoa, Pentecostes \u00e9 considerado o momento em que o Esp\u00edrito Santo desceu sobre os ap\u00f3stolos para renovar a igreja. O Papa recordou que, naquele momento, o Esp\u00edrito concedeu unidade, coragem e liberdade aos disc\u00edpulos, e que hoje continua a agir na Igreja. Segundo o Santo Padre, \u00e9 preciso ter f\u00e9 para superar os desafios do mundo atual. &#8220;Se n\u00e3o nos movermos mais como predadores, mas sim como peregrinos, a terra descansar\u00e1, a justi\u00e7a prevalecer\u00e1, os pobres se alegrar\u00e3o e a paz reinar\u00e1&#8221;, disse o Pont\u00edfice, convidando os fi\u00e9is a serem fermento de esperan\u00e7a no mundo.<\/p>\n<p>PRESEN\u00c7A DE DEUS<\/p>\n<p>Entre os milhares de fi\u00e9is, a emo\u00e7\u00e3o era vis\u00edvel. \u201c\u00c9 dif\u00edcil descrever a emo\u00e7\u00e3o que senti\u201d, contou Maria Isabel Bai\u00e3o Dias, de 76 anos, peregrina da Obra de Maria. \u201cParticipo de peregrina\u00e7\u00f5es desde crian\u00e7a, mas cada uma toca meu cora\u00e7\u00e3o de um jeito \u00fanico. Estar na Vig\u00edlia de Pentecostes, t\u00e3o pr\u00f3xima do Papa, mesmo a alguns metros de dist\u00e2ncia, foi como estar diante de um mist\u00e9rio sagrado. Me emocionei profundamente. Senti a presen\u00e7a viva de Deus, e, mais uma vez, minha f\u00e9 foi renovada. Amo ser cat\u00f3lica e poder viver momentos como esse s\u00f3 fortalece ainda mais meu caminho de f\u00e9.\u201d<\/p>\n<p>Para Giselle Soares Dias, de 40 anos, nora de Isabel que tamb\u00e9m estava peregrinando com a Obra de Maria, foi um momento \u00fanico, vivenciado ao lado da sobra e de seu marido, Liandro Bai\u00e3o Dias. &#8220;Mesmo n\u00e3o conseguindo ver o Papa de perto na Vig\u00edlia, a emo\u00e7\u00e3o foi enorme. Todos ao meu redor sentiam algo diferente, como se o Esp\u00edrito Santo nos tocasse. Hoje (domingo), conseguimos v\u00ea-lo passar no papam\u00f3vel e foi um arrepio geral, todos gritando \u2018Papa Leone!\u2019 com bandeiras de tantos movimentos. Uma b\u00ean\u00e7\u00e3o imensa.&#8221;, revelou.<\/p>\n<p>CELEBRA\u00c7\u00c3O EUCAR\u00cdSTICA<\/p>\n<p>Na manh\u00e3 do Domingo de Pentecostes, o Papa Le\u00e3o XIV presidiu a solene Celebra\u00e7\u00e3o Eucar\u00edstica na Pra\u00e7a de S\u00e3o Pedro, diante de uma multid\u00e3o comovida de fi\u00e9is vindos de todo o mundo. Em sua homilia, o Santo Padre refletiu sobre o significado profundo daquele dia, recordando que, no Pentecostes, as portas do Cen\u00e1culo se abriram e os disc\u00edpulos, fortalecidos pelo Esp\u00edrito Santo, ultrapassaram todas as fronteiras.<\/p>\n<p>Encorajou a Igreja a fazer o mesmo, romper os muros da indiferen\u00e7a, superar divis\u00f5es de classe e ra\u00e7a, e se tornar cada vez mais um sinal vis\u00edvel de unidade. \u201cO Esp\u00edrito Santo vence o medo, quebra as correntes interiores, alivia as feridas, unge com for\u00e7a e d\u00e1 coragem para sair ao encontro de todos e anunciar as maravi.<\/p>\n<p>PENTECOSTES DA ESPERAN\u00c7A<\/p>\n<p>A Comunidade Obra de Maria organizou toda a programa\u00e7\u00e3o do Congresso Internacional de Pentecostes, que aconteceu de 6 a 8 de junho na Bas\u00edlica Sant\u2019Andrea della Valle, em Roma. O evento reuniu comunidades, pregadores, m\u00fasicos e milhares de fi\u00e9is em tr\u00eas dias intensos de espiritualidade, forma\u00e7\u00e3o e louvor. \u201cPentecostes \u00e9 o tempo da descida do Esp\u00edrito Santo sobre n\u00f3s. Roma, como cora\u00e7\u00e3o da Igreja, foi o palco ideal para reacender a esperan\u00e7a no mundo inteiro&#8221;, disse Gilberto Barbosa, fundador da Obra de Maria.<\/p>\n<p>O domingo foi inteiramente dedicado ao louvor e \u00e0 exalta\u00e7\u00e3o do Esp\u00edrito Santo. Os peregrinos se reuniram na Bas\u00edlica Sant\u2019Andrea della Valle, em Roma, para uma tarde intensa de m\u00fasicas de evangeliza\u00e7\u00e3o, ora\u00e7\u00e3o e a\u00e7\u00e3o de gra\u00e7as. \u201cSem Pentecostes em nossas vidas, somos pessoas sem vida\u201d, disse a cantora Eliana Ribeiro, ap\u00f3s apresentar can\u00e7\u00f5es como \u201cEnviai\u201d e \u201c\u00c1gua da Vida\u201d.<\/p>\n<p>Na sequ\u00eancia, Irm\u00e3 Kelly Patr\u00edcia e o Instituto Hesed deram continuidade aos momentos de louvor com grandes sucessos como \u201cMinha Vit\u00f3ria Chegou\u201d, \u201cS\u00e3o Miguel\u201d, \u201cEsp\u00edrito Santo, Inspirai-Me\u201d e \u201cGeneral\u00edssima Imaculada\u201d, que conduziram os fi\u00e9is \u00e0 intimidade com Deus e a crer no santo anjo.<\/p>\n<p>Gilberto Barbosa destacou durante o congresso o quanto o cantor e mission\u00e1rio Dunga \u00e9 importante para que a Obra de Maria organizasse o Congresso Internacional de Pentecostes. Dunga, por sua vez, convidou todos para participar do congresso internacional dos 60 anos da renova\u00e7\u00e3o carism\u00e1tica, que ser\u00e1 realizado durante a celebra\u00e7\u00e3o de Pentecostes, em 2027, na Terra Santa. \u201cQuem nunca foi, vai viver a a maior experi\u00eancia espiritual na vida\u201d, disse.<\/p>\n<p>Por fim, Padre Reginaldo Manzotti entrou para animar os fi\u00e9is com cl\u00e1ssicos da m\u00fasica cat\u00f3lica, como \u201cDerrama o Teu Amor Aqui\u201d, \u201cS\u00f3 Porque Voc\u00ea Veio\u201d, \u201cRestaura a Fam\u00edlia\u201d e \u201cEu Navegarei\u201d. Em suas falas, o sacerdote recordou temas como colocar a f\u00e9 como pilar, a import\u00e2ncia da fam\u00edlia e sobre n\u00e3o desistir nos momentos dif\u00edceis.<\/p>\n<p>S\u00c1BADO: O segundo dia do Congresso foi marcado por uma programa\u00e7\u00e3o espiritual repleta de momentos de ora\u00e7\u00e3o, reflex\u00e3o e comunh\u00e3o. Um dos destaques da manh\u00e3 foi a prega\u00e7\u00e3o do mexicano Prado Flores, que conduziu os participantes a uma medita\u00e7\u00e3o intensa sobre a for\u00e7a transformadora do Esp\u00edrito Santo. Com base nos ensinamentos de S\u00e3o Paulo, sua mensagem formou uma corrente de f\u00e9, convidando os fi\u00e9is a se abrirem \u00e0 a\u00e7\u00e3o do Esp\u00edrito em todas as dimens\u00f5es da.<\/p>\n<p>O Frei Hayden Williams, encerrou o dia com uma prega\u00e7\u00e3o firme e cheia de un\u00e7\u00e3o, Ele refletiu sobre os desafios enfrentados pela humanidade desde os primeiros s\u00e9culos do cristianismo, destacando que a grandeza da Igreja est\u00e1 naquilo que Deus realiza por meio de n\u00f3s. O Batismo no Esp\u00edrito Santo, disse ele, \u00e9 a plenitude do que Deus deseja realizar em seus filhos e \u00e9 apenas o in\u00edcio de um caminho de santidade e miss\u00e3o. Ao final, relembrou a import\u00e2ncia de Maria em Pentecostes e convocou os participantes a uma vida profundamente comprometida com o chamado de Deus.<\/p>\n<p>Gilberto Barbosa, junto a \u00c2ngela Chineze e K\u00e1tia Roldi Zavaris, coordenadora do Charis no Brasil, fez um convite aos intercessores para um encontro mundial organizado pelo Charis Internacional, de 5 a 8 de agosto de 2026, no Brasil, na sede da Can\u00e7\u00e3o Nova. Gilberto trouxe um testemunho que viu no \u00faltimo encontro, quando entrou no audit\u00f3rio onde um grupo de mil intercessores estavam em ora\u00e7\u00e3o. \u201cEu tive um choque (&#8230;) Eu nunca vi isso na minha vida\u201d, revelou.<\/p>\n<p>Ap\u00f3s os tr\u00eas dias, o clima que ficou foi de comunh\u00e3o e uni\u00e3o. O Pentecostes da Esperan\u00e7a n\u00e3o se despediu, mas se espalhou pelos cora\u00e7\u00f5es dos fi\u00e9is, assim como o Papa havia mencionado, inflamando a Igreja de coragem e f\u00e9 para os novos tempos.<br \/>\nSeja seguidor do Instagram do Blog pelo @blogdoedvaldomagalhaes<br \/>\nFoto: Obra de Maria\/Divulga\u00e7\u00e3o <\/p>\n","protected":false},"excerpt":{"rendered":"<p>Congresso Internacional de Pentecostes foi marcado por momentos de forte espiritualidade, louvor e miss\u00e3o ao longo de tr\u00eas dias. No&hellip;<\/p>\n","protected":false},"author":1,"featured_media":120298,"comment_status":"closed","ping_status":"open","sticky":false,"template":"","format":"standard","meta":{"footnotes":""},"categories":[14120],"tags":[30592,27410,2,28801,33836,33835],"class_list":["post-120296","post","type-post","status-publish","format-standard","has-post-thumbnail","hentry","category-noticias","tag-blog-com-mais-seguidores","tag-blog-de-caruaru","tag-blog-do-edvaldo-magalhaes","tag-blog-mais-acessado","tag-em-roma","tag-peregrinos-da-obra-de-maria-vivem-a-emocao-da-vigilia-de-pentecostes-com-o-papa-leao-xiv"],"_links":{"self":[{"href":"https:\/\/blogdoedvaldomagalhaes.com.br\/index.php\/wp-json\/wp\/v2\/posts\/120296","targetHints":{"allow":["GET"]}}],"collection":[{"href":"https:\/\/blogdoedvaldomagalhaes.com.br\/index.php\/wp-json\/wp\/v2\/posts"}],"about":[{"href":"https:\/\/blogdoedvaldomagalhaes.com.br\/index.php\/wp-json\/wp\/v2\/types\/post"}],"author":[{"embeddable":true,"href":"https:\/\/blogdoedvaldomagalhaes.com.br\/index.php\/wp-json\/wp\/v2\/users\/1"}],"replies":[{"embeddable":true,"href":"https:\/\/blogdoedvaldomagalhaes.com.br\/index.php\/wp-json\/wp\/v2\/comments?post=120296"}],"version-history":[{"count":2,"href":"https:\/\/blogdoedvaldomagalhaes.com.br\/index.php\/wp-json\/wp\/v2\/posts\/120296\/revisions"}],"predecessor-version":[{"id":120300,"href":"https:\/\/blogdoedvaldomagalhaes.com.br\/index.php\/wp-json\/wp\/v2\/posts\/120296\/revisions\/120300"}],"wp:featuredmedia":[{"embeddable":true,"href":"https:\/\/blogdoedvaldomagalhaes.com.br\/index.php\/wp-json\/wp\/v2\/media\/120298"}],"wp:attachment":[{"href":"https:\/\/blogdoedvaldomagalhaes.com.br\/index.php\/wp-json\/wp\/v2\/media?parent=120296"}],"wp:term":[{"taxonomy":"category","embeddable":true,"href":"https:\/\/blogdoedvaldomagalhaes.com.br\/index.php\/wp-json\/wp\/v2\/categories?post=120296"},{"taxonomy":"post_tag","embeddable":true,"href":"https:\/\/blogdoedvaldomagalhaes.com.br\/index.php\/wp-json\/wp\/v2\/tags?post=120296"}],"curies":[{"name":"wp","href":"https:\/\/api.w.org\/{rel}","templated":true}]}}