{"id":120290,"date":"2025-06-11T10:36:54","date_gmt":"2025-06-11T13:36:54","guid":{"rendered":"https:\/\/blogdoedvaldomagalhaes.com.br\/?p=120290"},"modified":"2025-06-11T10:47:38","modified_gmt":"2025-06-11T13:47:38","slug":"hospital-memorial-de-pernambuco-rede-esperanca-expande-modelo-de-gestao-e-assume-hospital-santa-clara-em-escada","status":"publish","type":"post","link":"https:\/\/blogdoedvaldomagalhaes.com.br\/index.php\/2025\/06\/11\/hospital-memorial-de-pernambuco-rede-esperanca-expande-modelo-de-gestao-e-assume-hospital-santa-clara-em-escada\/","title":{"rendered":"Hospital Memorial de Pernambuco\/Rede Esperan\u00e7a expande modelo de gest\u00e3o e assume Hospital Santa Clara, em Escada"},"content":{"rendered":"<p>\ud83d\udea8 Mais uma conquista para a sa\u00fade p\u00fablica de Pernambuco!<\/p>\n<p>O modelo de gest\u00e3o do Hospital Memorial de Pernambuco agora tamb\u00e9m est\u00e1 presente na cidade de Escada, com a nova administra\u00e7\u00e3o do Hospital Santa Clara.<br \/>\n\u2800<br \/>\n\ud83d\udd35 A mesma efici\u00eancia, humaniza\u00e7\u00e3o e compromisso que j\u00e1 transformaram a sa\u00fade no Agreste agora chegam \u00e0 Mata Sul, com um \u00fanico prop\u00f3sito: cuidar das pessoas com respeito, acolhimento e resolutividade.<br \/>\n\u2800<br \/>\nEsse novo cap\u00edtulo refor\u00e7a o compromisso com a descentraliza\u00e7\u00e3o da sa\u00fade de qualidade e a interioriza\u00e7\u00e3o de um modelo que j\u00e1 \u00e9 refer\u00eancia.<br \/>\n\u2800<br \/>\n\ud83e\udd1d O Hospital Santa Clara inicia uma nova fase. E quem ganha com isso \u00e9 a popula\u00e7\u00e3o!<br \/>\n\u2800<br \/>\n#HospitalMemorial #HospitalSantaClara #Gest\u00e3oHospitalar #Humaniza\u00e7\u00e3oNaSa\u00fade #Sa\u00fadeComQualidade #MataSul #EscadaPE #Descentraliza\u00e7\u00e3o #Sa\u00fadeP\u00fablica<\/p>\n<p><img loading=\"lazy\" decoding=\"async\" src=\"https:\/\/blogdoedvaldomagalhaes.com.br\/wp-content\/uploads\/2025\/06\/img-20250611-wa00954420661854051441960.jpg\" class=\"wp-image-120293 alignnone size-full\" width=\"1204\" height=\"1600\" srcset=\"https:\/\/blogdoedvaldomagalhaes.com.br\/wp-content\/uploads\/2025\/06\/img-20250611-wa00954420661854051441960.jpg 1204w, https:\/\/blogdoedvaldomagalhaes.com.br\/wp-content\/uploads\/2025\/06\/img-20250611-wa00954420661854051441960-226x300.jpg 226w, https:\/\/blogdoedvaldomagalhaes.com.br\/wp-content\/uploads\/2025\/06\/img-20250611-wa00954420661854051441960-771x1024.jpg 771w, https:\/\/blogdoedvaldomagalhaes.com.br\/wp-content\/uploads\/2025\/06\/img-20250611-wa00954420661854051441960-768x1021.jpg 768w, https:\/\/blogdoedvaldomagalhaes.com.br\/wp-content\/uploads\/2025\/06\/img-20250611-wa00954420661854051441960-1156x1536.jpg 1156w\" sizes=\"auto, (max-width: 1204px) 100vw, 1204px\" \/><\/p>\n","protected":false},"excerpt":{"rendered":"<p>\ud83d\udea8 Mais uma conquista para a sa\u00fade p\u00fablica de Pernambuco! O modelo de gest\u00e3o do Hospital Memorial de Pernambuco agora&hellip;<\/p>\n","protected":false},"author":1,"featured_media":120291,"comment_status":"closed","ping_status":"open","sticky":false,"template":"","format":"standard","meta":{"footnotes":""},"categories":[14120],"tags":[29440,27410,2,28801,33834,33833],"class_list":["post-120290","post","type-post","status-publish","format-standard","has-post-thumbnail","hentry","category-noticias","tag-blog-com-mais-visualizacao","tag-blog-de-caruaru","tag-blog-do-edvaldo-magalhaes","tag-blog-mais-acessado","tag-em-escada","tag-hospital-memorial-de-pernambuco-rede-esperanca-expande-modelo-de-gestao-e-assume-hospital-santa-clara"],"_links":{"self":[{"href":"https:\/\/blogdoedvaldomagalhaes.com.br\/index.php\/wp-json\/wp\/v2\/posts\/120290","targetHints":{"allow":["GET"]}}],"collection":[{"href":"https:\/\/blogdoedvaldomagalhaes.com.br\/index.php\/wp-json\/wp\/v2\/posts"}],"about":[{"href":"https:\/\/blogdoedvaldomagalhaes.com.br\/index.php\/wp-json\/wp\/v2\/types\/post"}],"author":[{"embeddable":true,"href":"https:\/\/blogdoedvaldomagalhaes.com.br\/index.php\/wp-json\/wp\/v2\/users\/1"}],"replies":[{"embeddable":true,"href":"https:\/\/blogdoedvaldomagalhaes.com.br\/index.php\/wp-json\/wp\/v2\/comments?post=120290"}],"version-history":[{"count":2,"href":"https:\/\/blogdoedvaldomagalhaes.com.br\/index.php\/wp-json\/wp\/v2\/posts\/120290\/revisions"}],"predecessor-version":[{"id":120294,"href":"https:\/\/blogdoedvaldomagalhaes.com.br\/index.php\/wp-json\/wp\/v2\/posts\/120290\/revisions\/120294"}],"wp:featuredmedia":[{"embeddable":true,"href":"https:\/\/blogdoedvaldomagalhaes.com.br\/index.php\/wp-json\/wp\/v2\/media\/120291"}],"wp:attachment":[{"href":"https:\/\/blogdoedvaldomagalhaes.com.br\/index.php\/wp-json\/wp\/v2\/media?parent=120290"}],"wp:term":[{"taxonomy":"category","embeddable":true,"href":"https:\/\/blogdoedvaldomagalhaes.com.br\/index.php\/wp-json\/wp\/v2\/categories?post=120290"},{"taxonomy":"post_tag","embeddable":true,"href":"https:\/\/blogdoedvaldomagalhaes.com.br\/index.php\/wp-json\/wp\/v2\/tags?post=120290"}],"curies":[{"name":"wp","href":"https:\/\/api.w.org\/{rel}","templated":true}]}}