{"id":1202,"date":"2018-09-26T23:14:00","date_gmt":"2018-09-27T02:14:00","guid":{"rendered":"http:\/\/blogdoedvaldomagalhaes.com.br\/index.php\/2018\/09\/26\/escola-municipal-professora-gianete\/"},"modified":"2019-02-09T02:32:32","modified_gmt":"2019-02-09T04:32:32","slug":"escola-municipal-professora-gianete","status":"publish","type":"post","link":"https:\/\/blogdoedvaldomagalhaes.com.br\/index.php\/2018\/09\/26\/escola-municipal-professora-gianete\/","title":{"rendered":"Escola Municipal Professora Gianete Silva \u00e9 requalificada e entregue \u00e0 popula\u00e7\u00e3o"},"content":{"rendered":"<div class=\"separator\" style=\"clear: both; text-align: center;\">\n<a href=\"https:\/\/2.bp.blogspot.com\/-rtPiRG5gPwk\/W6wSuYfojKI\/AAAAAAAA6ts\/nRkYzAqJGXIyOTfuxWjcENCjSq5vTQtdwCLcBGAs\/s1600\/escola%2B1.jpg\" imageanchor=\"1\" style=\"margin-left: 1em; margin-right: 1em;\"><img loading=\"lazy\" decoding=\"async\" border=\"0\" data-original-height=\"1067\" data-original-width=\"1600\" height=\"426\" src=\"http:\/\/blogdoedvaldomagalhaes.com.br\/wp-content\/uploads\/2018\/09\/escola1.jpg\" width=\"640\" \/><\/a><\/div>\n<div style=\"text-align: justify;\">\n<div style=\"text-align: center;\">\nCr\u00e9ditos: Arnaldo F\u00e9lix<\/div>\n<div style=\"text-align: center;\">\n<\/div>\n<\/div>\n<div style=\"text-align: justify;\">\nCerca de 550 estudantes matriculados do Ensino Fundamental I e II at\u00e9 a Educa\u00e7\u00e3o de Jovens e Adultos (EJA) receberam, no fim da tarde desta \u00faltima ter\u00e7a-feira (25), a Escola Municipal Professora Gianete Silva completamente requalificada. O pr\u00e9dio, que antes n\u00e3o apresentava condi\u00e7\u00e3o de funcionamento causando riscos a integridade f\u00edsica dos alunos, est\u00e1 de cara nova e com uma estrutura de qualidade.<\/div>\n<div style=\"text-align: justify;\">\n<div class=\"separator\" style=\"clear: both; text-align: center;\">\n<a href=\"https:\/\/4.bp.blogspot.com\/-A18eqXtALE0\/W6wTCluvETI\/AAAAAAAA6t4\/5CrMHTdPSHQtW6WSmKKoQAc6LzowopGuQCLcBGAs\/s1600\/escola%2B3.jpg\" imageanchor=\"1\" style=\"margin-left: 1em; margin-right: 1em;\"><img loading=\"lazy\" decoding=\"async\" border=\"0\" data-original-height=\"1019\" data-original-width=\"1600\" height=\"406\" src=\"http:\/\/blogdoedvaldomagalhaes.com.br\/wp-content\/uploads\/2018\/09\/escola3.jpg\" width=\"640\" \/><\/a><\/div>\n<p><\/div>\n<div style=\"text-align: justify;\">\nA estudante Elen Nicole lembrou de quando n\u00e3o tinha coragem de se movimentar dentro da unidade educacional. \u201cAt\u00e9 os banheiros n\u00e3o tinham estrutura para funcionar, n\u00e3o tinham nem portas. Eu tinha medo de andar pela escola e uma parede ou teto cair em cima de mim. Era uma vergonha\u201d, descreveu.<\/p>\n<\/div>\n<div style=\"text-align: justify;\">\n<div class=\"separator\" style=\"clear: both; text-align: center;\">\n<a href=\"https:\/\/3.bp.blogspot.com\/--McY2dEcMYI\/W6wTmWX6oDI\/AAAAAAAA6uI\/pFilHR_2OgEj0u1kf8LDEKVUujQXYR5BgCEwYBhgL\/s1600\/escola%2B2.jpg\" imageanchor=\"1\" style=\"margin-left: 1em; margin-right: 1em;\"><img loading=\"lazy\" decoding=\"async\" border=\"0\" data-original-height=\"1067\" data-original-width=\"1600\" height=\"426\" src=\"http:\/\/blogdoedvaldomagalhaes.com.br\/wp-content\/uploads\/2018\/09\/escola2.jpg\" width=\"640\" \/><\/a><\/div>\n<p><\/div>\n<div style=\"text-align: justify;\">\n<\/div>\n<div style=\"text-align: justify;\">\nA prefeita Raquel Lyra pontuou obras importantes para popula\u00e7\u00e3o e destacou a constru\u00e7\u00e3o e requalifica\u00e7\u00e3o de escolas como sendo obras priorit\u00e1rias para garantir o sucesso da nova gera\u00e7\u00e3o. \u201cChegamos na Prefeitura de Caruaru com um projeto: transformar Caruaru pela educa\u00e7\u00e3o e \u00e9 dando condi\u00e7\u00e3, tanto para o professor se qualificar, quanto para os alunos aprenderem, que formaremos cidad\u00e3os de sucesso. Faz um 1 ano e 8 meses que assumimos o governo municipal e j\u00e1 requalificamos 29 unidades de ensino e vamos avan\u00e7ar muito mais\u201d, avalizou.<\/p>\n<\/div>\n<div style=\"text-align: justify;\">\n<div class=\"separator\" style=\"clear: both; text-align: center;\">\n<a href=\"https:\/\/1.bp.blogspot.com\/-CqWUzbBXfOA\/W6wTiXnddpI\/AAAAAAAA6uE\/H90QE4dNsSEMQU8UgLqTGw-XRlpuNe1jgCEwYBhgL\/s1600\/escola%2B4.jpg\" imageanchor=\"1\" style=\"margin-left: 1em; margin-right: 1em;\"><img loading=\"lazy\" decoding=\"async\" border=\"0\" data-original-height=\"1067\" data-original-width=\"1600\" height=\"426\" src=\"http:\/\/blogdoedvaldomagalhaes.com.br\/wp-content\/uploads\/2018\/09\/escola4.jpg\" width=\"640\" \/><\/a><\/div>\n<p><\/div>\n<div style=\"text-align: justify;\">\nCerca de R$ 1 milh\u00e3o foram investidos na requalifica\u00e7\u00e3o a escola e na compra de equipamentos novos para garantir mais qualidade no ensino e aprendizagem dos estudantes.<\/div>\n<div style=\"text-align: justify;\">\n<\/div>\n<div style=\"text-align: justify;\">\n<\/div>\n","protected":false},"excerpt":{"rendered":"<p>Cr\u00e9ditos: Arnaldo F\u00e9lix Cerca de 550 estudantes matriculados do Ensino Fundamental I e II at\u00e9 a Educa\u00e7\u00e3o de Jovens e&hellip;<\/p>\n","protected":false},"author":1,"featured_media":0,"comment_status":"open","ping_status":"open","sticky":false,"template":"","format":"standard","meta":{"footnotes":""},"categories":[1],"tags":[2,1161,6],"class_list":["post-1202","post","type-post","status-publish","format-standard","hentry","category-sem-categoria","tag-blog-do-edvaldo-magalhaes","tag-escola-municipal-professora-gianete-silva-e-requalificada-e-entregue-a-populacao","tag-noticias"],"_links":{"self":[{"href":"https:\/\/blogdoedvaldomagalhaes.com.br\/index.php\/wp-json\/wp\/v2\/posts\/1202","targetHints":{"allow":["GET"]}}],"collection":[{"href":"https:\/\/blogdoedvaldomagalhaes.com.br\/index.php\/wp-json\/wp\/v2\/posts"}],"about":[{"href":"https:\/\/blogdoedvaldomagalhaes.com.br\/index.php\/wp-json\/wp\/v2\/types\/post"}],"author":[{"embeddable":true,"href":"https:\/\/blogdoedvaldomagalhaes.com.br\/index.php\/wp-json\/wp\/v2\/users\/1"}],"replies":[{"embeddable":true,"href":"https:\/\/blogdoedvaldomagalhaes.com.br\/index.php\/wp-json\/wp\/v2\/comments?post=1202"}],"version-history":[{"count":1,"href":"https:\/\/blogdoedvaldomagalhaes.com.br\/index.php\/wp-json\/wp\/v2\/posts\/1202\/revisions"}],"predecessor-version":[{"id":34395,"href":"https:\/\/blogdoedvaldomagalhaes.com.br\/index.php\/wp-json\/wp\/v2\/posts\/1202\/revisions\/34395"}],"wp:attachment":[{"href":"https:\/\/blogdoedvaldomagalhaes.com.br\/index.php\/wp-json\/wp\/v2\/media?parent=1202"}],"wp:term":[{"taxonomy":"category","embeddable":true,"href":"https:\/\/blogdoedvaldomagalhaes.com.br\/index.php\/wp-json\/wp\/v2\/categories?post=1202"},{"taxonomy":"post_tag","embeddable":true,"href":"https:\/\/blogdoedvaldomagalhaes.com.br\/index.php\/wp-json\/wp\/v2\/tags?post=1202"}],"curies":[{"name":"wp","href":"https:\/\/api.w.org\/{rel}","templated":true}]}}