{"id":120155,"date":"2025-06-05T19:50:18","date_gmt":"2025-06-05T22:50:18","guid":{"rendered":"https:\/\/blogdoedvaldomagalhaes.com.br\/?p=120155"},"modified":"2025-06-05T19:50:18","modified_gmt":"2025-06-05T22:50:18","slug":"compesa-inaugura-instalacao-sensorial-sobre-a-emergencia-climatica-em-alusao-a-semana-do-meio-ambiente","status":"publish","type":"post","link":"https:\/\/blogdoedvaldomagalhaes.com.br\/index.php\/2025\/06\/05\/compesa-inaugura-instalacao-sensorial-sobre-a-emergencia-climatica-em-alusao-a-semana-do-meio-ambiente\/","title":{"rendered":"COMPESA INAUGURA INSTALA\u00c7\u00c3O SENSORIAL SOBRE A EMERG\u00caNCIA CLIM\u00c1TICA EM ALUS\u00c3O \u00c0 SEMANA DO MEIO AMBIENTE"},"content":{"rendered":"<p>Em refer\u00eancia ao Junho Verde, per\u00edodo em que s\u00e3o realizadas a\u00e7\u00f5es voltadas para a preserva\u00e7\u00e3o do meio ambiente, a Compesa inaugurou hoje (5) a instala\u00e7\u00e3o art\u00edstica \u201cPlaneta no Limite \u2013 Emerg\u00eancia Clim\u00e1tica\u201d, um t\u00fanel sensorial e imersivo que convida o p\u00fablico a vivenciar, de forma intensa e reflexiva, os impactos vis\u00edveis e invis\u00edveis da crise clim\u00e1tica provocada por a\u00e7\u00f5es cotidianas. A instala\u00e7\u00e3o ficar\u00e1 aberta at\u00e9 o dia 30 de junho, na sede da Compesa, localizada no bairro de Santo Amaro, no Recife, com entrada gratuita para visitantes, especialmente alunos da rede p\u00fablica e privada. As visitas poder\u00e3o ser agendadas pelo telefone (81) 99488-5059.<\/p>\n<p>O projeto \u00e9 um alerta: vivemos um tempo cr\u00edtico. Cientistas e institui\u00e7\u00f5es ambientais de todo o mundo j\u00e1 n\u00e3o deixam d\u00favidas que o planeta est\u00e1 em estado de sobrecarga. A instala\u00e7\u00e3o busca traduzir esse momento de colapso ambiental em uma experi\u00eancia imersiva, capaz de provocar n\u00e3o s\u00f3 reflex\u00e3o, mas transforma\u00e7\u00e3o. O nome \u201cPlaneta no Limite\u201d reflete esse estado de sobrecarga ambiental \u2014 resultado do consumismo, do desmatamento, das emiss\u00f5es e da polui\u00e7\u00e3o.<\/p>\n<p>\u201cQueremos que cada pessoa sinta, ou\u00e7a com aten\u00e7\u00e3o e enxergue com clareza a urg\u00eancia clim\u00e1tica. Porque n\u00e3o existe jogar \u2018fora\u2019: tudo o que descartamos permanece neste mesmo planeta, que \u00e9 a nossa \u00fanica casa. \u201cPlaneta no Limite\u201d prop\u00f5e mais do que uma visita, \u00e9 um convite \u00e0 transforma\u00e7\u00e3o individual e coletiva diante da crise clim\u00e1tica. Esta instala\u00e7\u00e3o \u00e9 mais que um t\u00fanel, \u00e9 um espelho da nossa realidade e um alerta urgente\u201d, destaca o diretor de Engenharia e Sustentabilidade da Compesa, Douglas Baldu\u00edno.<\/p>\n<p>A instala\u00e7\u00e3o \u00e9 composta por tr\u00eas ambientes distintos, cada um abordando uma faceta da emerg\u00eancia clim\u00e1tica: calor extremo, inunda\u00e7\u00f5es e a responsabilidade individual diante da crise ambiental:<\/p>\n<p>1. FOGO \u2013 Cat\u00e1strofes do Calor Extremo<br \/>\nO t\u00fanel come\u00e7a com um cen\u00e1rio impactante: um planeta em chamas. A temperatura simb\u00f3lica sobe com a presen\u00e7a de luzes alaranjadas, cheiro de queimado no ar e sons de not\u00edcias reais sobre inc\u00eandios florestais. <\/p>\n<p>2. \u00c1GUA \u2013 Cat\u00e1strofes das Inunda\u00e7\u00f5es<br \/>\nNo segundo ambiente, o calor d\u00e1 lugar ao excesso: chuvas intensas, enchentes e o derretimento das geleiras. Visitantes recebem capas de chuva e guarda-chuvas para atravessar um cen\u00e1rio com ilumina\u00e7\u00e3o acinzentada, sons de tempestades e simula\u00e7\u00f5es de goteiras. <\/p>\n<p>3. A MUDAN\u00c7A COME\u00c7A COM VOC\u00ca<\/p>\n<p>A \u00faltima etapa da instala\u00e7\u00e3o \u00e9 um momento de introspec\u00e7\u00e3o. Espelhos refletem o visitante ao lado da mensagem: \u201cVOC\u00ca FAZ PARTE DESSA MUDAN\u00c7A\u201d. <\/p>\n<p>*PROGRAMA\u00c7\u00c3O NA SEDE DA COMPESA*<\/p>\n<p>Em alus\u00e3o \u00e0 Semana do Meio Ambiente, a Compesa preparou ainda uma programa\u00e7\u00e3o especial nesta quinta-feira (5), com diversas atividades voltadas \u00e0 conscientiza\u00e7\u00e3o ambiental e ao est\u00edmulo de pr\u00e1ticas sustent\u00e1veis. Na sede da companhia, no bairro de Santo Amaro, ser\u00e1 realizada ainda \u00e0s 15h30 uma Feira Agroecol\u00f3gica, promovendo a comercializa\u00e7\u00e3o de produtos org\u00e2nicos e de agricultura familiar. A tarde tamb\u00e9m contar\u00e1 com apresenta\u00e7\u00f5es culturais e espa\u00e7os interativos voltados ao p\u00fablico interno e visitantes.<\/p>\n<p>Outra atra\u00e7\u00e3o ser\u00e1 a exposi\u00e7\u00e3o \u201cViveiros Florestais e sua import\u00e2ncia para os recursos h\u00eddricos\u201d, que contar\u00e1 com a participa\u00e7\u00e3o da Turminha Compesa, abordando de forma l\u00fadica e educativa a rela\u00e7\u00e3o entre reflorestamento e preserva\u00e7\u00e3o da \u00e1gua. O p\u00fablico tamb\u00e9m poder\u00e1 participar de um Quiz Ambiental, com perguntas sobre sustentabilidade e meio ambiente, e receber mudas ornamentais como brinde pela participa\u00e7\u00e3o. A proposta \u00e9 unir informa\u00e7\u00e3o, entretenimento e conscientiza\u00e7\u00e3o ambiental em um s\u00f3 espa\u00e7o.<\/p>\n<p>*COMPESA NA ESTRADA*<\/p>\n<p>Um dos principais corredores do S\u00e3o Jo\u00e3o de Caruaru, a Esta\u00e7\u00e3o Ferrovi\u00e1ria, est\u00e1 recebendo at\u00e9 amanh\u00e3 (6) o projeto itinerante \u201cCompesa na Estrada\u201d, que leva educa\u00e7\u00e3o ambiental e atividades interativas \u00e0 popula\u00e7\u00e3o. Durante a a\u00e7\u00e3o, que acontece de forma gratuita, equipes da Compesa promovem oficinas, jogos e orienta\u00e7\u00f5es sobre o uso consciente da \u00e1gua, a import\u00e2ncia do saneamento b\u00e1sico, o descarte adequado de res\u00edduos e o papel de cada cidad\u00e3o no desenvolvimento sustent\u00e1vel. As atividades seguem at\u00e9 o dia 6 de junho, com funcionamento das 8h \u00e0s 17h.<\/p>\n<p>No interior da carreta, os visitantes poder\u00e3o explorar de forma did\u00e1tica o ciclo da \u00e1gua, o funcionamento das esta\u00e7\u00f5es de tratamento de \u00e1gua e esgoto, al\u00e9m de vivenciar experi\u00eancias imersivas com o uso de realidade virtual e jogos com sensores de movimento.<\/p>\n<p>Ap\u00f3s passar por Caruaru, o projeto \u201cCompesa na Estrada\u201d segue para o Parque da Jaqueira, no Recife, onde ficar\u00e1 estacionado entre os dias 11 e 15 de junho, oferecendo a mesma experi\u00eancia educativa ao p\u00fablico da capital. Foto: Alu\u00edsio Moreira<br \/>\nSiga o Instagram do Blog pelo @blogdoedvaldomagalhaes<\/p>\n","protected":false},"excerpt":{"rendered":"<p>Em refer\u00eancia ao Junho Verde, per\u00edodo em que s\u00e3o realizadas a\u00e7\u00f5es voltadas para a preserva\u00e7\u00e3o do meio ambiente, a Compesa&hellip;<\/p>\n","protected":false},"author":1,"featured_media":120156,"comment_status":"closed","ping_status":"open","sticky":false,"template":"","format":"standard","meta":{"footnotes":""},"categories":[14120],"tags":[30592,27410,13146,28801,33773],"class_list":["post-120155","post","type-post","status-publish","format-standard","has-post-thumbnail","hentry","category-noticias","tag-blog-com-mais-seguidores","tag-blog-de-caruaru","tag-blog-edvaldo-magalhaes","tag-blog-mais-acessado","tag-compesa-inaugura-instalacao-sensorial-sobre-a-emergencia-climatica-em-alusao-a-semana-do-meio-ambiente"],"_links":{"self":[{"href":"https:\/\/blogdoedvaldomagalhaes.com.br\/index.php\/wp-json\/wp\/v2\/posts\/120155","targetHints":{"allow":["GET"]}}],"collection":[{"href":"https:\/\/blogdoedvaldomagalhaes.com.br\/index.php\/wp-json\/wp\/v2\/posts"}],"about":[{"href":"https:\/\/blogdoedvaldomagalhaes.com.br\/index.php\/wp-json\/wp\/v2\/types\/post"}],"author":[{"embeddable":true,"href":"https:\/\/blogdoedvaldomagalhaes.com.br\/index.php\/wp-json\/wp\/v2\/users\/1"}],"replies":[{"embeddable":true,"href":"https:\/\/blogdoedvaldomagalhaes.com.br\/index.php\/wp-json\/wp\/v2\/comments?post=120155"}],"version-history":[{"count":1,"href":"https:\/\/blogdoedvaldomagalhaes.com.br\/index.php\/wp-json\/wp\/v2\/posts\/120155\/revisions"}],"predecessor-version":[{"id":120157,"href":"https:\/\/blogdoedvaldomagalhaes.com.br\/index.php\/wp-json\/wp\/v2\/posts\/120155\/revisions\/120157"}],"wp:featuredmedia":[{"embeddable":true,"href":"https:\/\/blogdoedvaldomagalhaes.com.br\/index.php\/wp-json\/wp\/v2\/media\/120156"}],"wp:attachment":[{"href":"https:\/\/blogdoedvaldomagalhaes.com.br\/index.php\/wp-json\/wp\/v2\/media?parent=120155"}],"wp:term":[{"taxonomy":"category","embeddable":true,"href":"https:\/\/blogdoedvaldomagalhaes.com.br\/index.php\/wp-json\/wp\/v2\/categories?post=120155"},{"taxonomy":"post_tag","embeddable":true,"href":"https:\/\/blogdoedvaldomagalhaes.com.br\/index.php\/wp-json\/wp\/v2\/tags?post=120155"}],"curies":[{"name":"wp","href":"https:\/\/api.w.org\/{rel}","templated":true}]}}